{"id":162536,"date":"2014-08-01T18:10:32","date_gmt":"2014-08-01T18:10:32","guid":{"rendered":"http:\/\/diariodominicano.ddns.net\/?p=162536"},"modified":"2014-08-01T18:10:32","modified_gmt":"2014-08-01T18:10:32","slug":"este-fin-de-semana-seminarios-del-pld-van-a-san-francisco-y-san-pedro-de-macoris","status":"publish","type":"post","link":"https:\/\/diariodominicano.com\/?p=162536","title":{"rendered":"&#13;Este fin de semana  seminarios del PLD van a San Francisco y San Pedro de Macor\u00eds"},"content":{"rendered":"<p><body><\/p>\n<p><img decoding=\"async\" src=\"img3\/alejandrina.jpg\" \/>  <\/p>\n<\/p>\n<p><span class=\"text1noticias\"> <\/span><\/p>\n<p><span class=\"text1noticias\">Santo Domingo, RD, 1 de agosto.- El Partido de la Liberaci\u00f3n Dominicana (PLD), inform\u00f3 de  la continuaci\u00f3n de la  ejecuci\u00f3n de su  programa formativo, coordinado por la Secretar\u00eda de Formaci\u00f3n Pol\u00edtica, este s\u00e1bado correspondiente a toda la provincia Duarte junto con Hermanas Mirabal, Mar\u00eda Trinidad S\u00e1nchez y Saman\u00e1 y domingo a las provincias de la regi\u00f3n Este.<\/span><\/p>\n<p><span class=\"text1noticias\"> <\/span><\/p>\n<p><span class=\"text1noticias\">El encuentro  pautado para este s\u00e1bado 2 de agosto  inicia a las 8:30  de la ma\u00f1ana para el que se ha convocado  a  los presidentes de Comit\u00e9s  Provinciales, Municipales de la regi\u00f3n y los Presidentes de  los  Comit\u00e9s Intermedios; las y los miembros del Comit\u00e9 Central, titulares locales de Formaci\u00f3n Pol\u00edtica; quienes compartir\u00e1n escenario con los correspondientes senadores, diputados, ejecutivos de alcald\u00edas, distritos municipales, concejales, de las provincias Saman\u00e1, Hermanas Mirabal, Mar\u00eda Trinidad S\u00e1nchez y Duarte en  en la  Ciudad Agropecuaria de San Francisco de Macor\u00eds,<\/span><\/p>\n<p><span class=\"text1noticias\"> <\/span><\/p>\n<p><span class=\"text1noticias\">El DOMINGO TRES (3) de AGOSTO  a partir de las 8:30 se ha hecho una convocatoria para el Hotel Coopmarena  en  Juan Dolio, San Pedro de Macor\u00eds a los dirigentes de las provincias de la regi\u00f3n Este: San Pedro de Macor\u00eds, La Romana, La Altagracia, Hato Mayor y El Seybo.<\/span><\/p>\n<p><span class=\"text1noticias\"> <\/span><\/p>\n<p><span class=\"text1noticias\">El seminario  \u00abHacia una Nueva Visi\u00f3n de la Formaci\u00f3n Pol\u00edtica,  busca  \u00abla  oportunidad de desarrollar un liderazgo transformador, comprometido con la modernidad y el progreso\u00bb, se precisa en los prop\u00f3sitos del seminario<\/span><\/p>\n<p><span class=\"text1noticias\"> <\/span><\/p>\n<p><span class=\"text1noticias\">Se recuerda que los seminarios anteriores como el correspondiente a este 2  y 3 de agosto, tiene el formato de taller,  se hace  la Presentaci\u00f3n del Programa de Formaci\u00f3n Pol\u00edtica, se realiza un esbozo hist\u00f3rico del PLD, se desarrollar\u00e1 el tema de La Teor\u00eda Boschista y se presentar\u00e1n aspectos generales de la Declaraci\u00f3n de Principios del PLD, de \u00c9tica y Disciplina y de la Constituci\u00f3n de la Rep\u00fablica.<\/span><\/p>\n<p><span class=\"text1noticias\"> <\/span><\/p>\n<p><span class=\"text1noticias\">La actividad, haciendo uso a la t\u00e9cnica moderna, incluye una  transmisi\u00f3n en vivo por Internet y es divulgada a trav\u00e9s  de las redes sociales, una modalidad que ejecuta para hacer part\u00edcipes a las bases del Partido del Nuevo Programa de Formaci\u00f3n Pol\u00edtica y los contenidos del Nivel B\u00e1sico.<\/span><\/p>\n<p><span class=\"text1noticias\"> <\/span><\/p>\n<p><span class=\"text1noticias\">Con estos seminarios la Secretar\u00eda de Formaci\u00f3n Pol\u00edtica pelede\u00edsta esta abriendo un proceso de reflexi\u00f3n sobre la Teor\u00eda Bochista  para que la dirigencia del partido morado sea capaz de afrontar con eficacia los diversos y desafiantes retos del presente y del futuro<\/span><\/p>\n<p><span class=\"text1noticias\"> <\/span><\/p>\n<p><span class=\"text1noticias\">Un parte a la prensa de la Secretar\u00eda de Comunicaciones del PLD informa de la transmisi\u00f3n en tiempo real en Internet por las direccioneswww.pldaldia.com y www.lagenteenlinea.com; por Twitter @FORMACIONPLD con el Hashtag#seminariosPLD; mientras que las informaciones, slides fotogr\u00e1ficos y videos podr\u00e1n tambi\u00e9n seguirse digitando formacionpoliticapld en Facebook y Youtube.<\/span><\/p>\n<h6> 2014-08-01 18:10:32 <\/h6>\n<p><!--\n<link rel=\"stylesheet\" href=\"css\/bootstrap.min.css\">\n\n\n<ul class=\"pagination\">\n\t    \n\t\n\n<li >\n\t<a href='?page_no=14931'>Previous<\/a>\n\t<\/li>\n\n\n       \n    \n\n<li><a href='?page_no=1'>1<\/a><\/li>\n\n\n\n<li><a href='?page_no=2'>2<\/a><\/li>\n\n\n\n<li><a>...<\/a><\/li>\n\n\n\n<li><a href='?page_no=14930'>14930<\/a><\/li>\n\n\n\n<li><a href='?page_no=14931'>14931<\/a><\/li>\n\n\n\n<li class='active'><a>14932<\/a><\/li>\n\n\n\n<li><a href='?page_no=14933'>14933<\/a><\/li>\n\n\n\n<li><a href='?page_no=14934'>14934<\/a><\/li>\n\n\n\n<li><a>...<\/a><\/li>\n\n\n\n<li><a href='?page_no=36999'>36999<\/a><\/li>\n\n\n\n<li><a href='?page_no=37000'>37000<\/a><\/li>\n\n    \n\t\n\n<li >\n\t<a href='?page_no=14933'>Next<\/a>\n\t<\/li>\n\n\n    \n\n<li><a href='?page_no=37000'>Last &rsaquo;&rsaquo;<\/a><\/li>\n\n<\/ul>\n\n\n--><br \/>\n<\/body><\/p>\n","protected":false},"excerpt":{"rendered":"<p>Santo Domingo, RD, 1 de agosto.- El Partido de la Liberaci\u00f3n Dominicana (PLD), inform\u00f3 de la continuaci\u00f3n de la ejecuci\u00f3n de su programa formativo, coordinado por la Secretar\u00eda de Formaci\u00f3n Pol\u00edtica, este s\u00e1bado correspondiente a toda la provincia Duarte junto con Hermanas Mirabal, Mar\u00eda Trinidad S\u00e1nchez y Saman\u00e1 y domingo a las provincias de la [&hellip;]<\/p>\n","protected":false},"author":3,"featured_media":0,"comment_status":"open","ping_status":"open","sticky":false,"template":"","format":"standard","meta":{"footnotes":""},"categories":[22],"tags":[],"class_list":["post-162536","post","type-post","status-publish","format-standard","hentry","category-politica"],"_links":{"self":[{"href":"https:\/\/diariodominicano.com\/index.php?rest_route=\/wp\/v2\/posts\/162536","targetHints":{"allow":["GET"]}}],"collection":[{"href":"https:\/\/diariodominicano.com\/index.php?rest_route=\/wp\/v2\/posts"}],"about":[{"href":"https:\/\/diariodominicano.com\/index.php?rest_route=\/wp\/v2\/types\/post"}],"author":[{"embeddable":true,"href":"https:\/\/diariodominicano.com\/index.php?rest_route=\/wp\/v2\/users\/3"}],"replies":[{"embeddable":true,"href":"https:\/\/diariodominicano.com\/index.php?rest_route=%2Fwp%2Fv2%2Fcomments&post=162536"}],"version-history":[{"count":0,"href":"https:\/\/diariodominicano.com\/index.php?rest_route=\/wp\/v2\/posts\/162536\/revisions"}],"wp:attachment":[{"href":"https:\/\/diariodominicano.com\/index.php?rest_route=%2Fwp%2Fv2%2Fmedia&parent=162536"}],"wp:term":[{"taxonomy":"category","embeddable":true,"href":"https:\/\/diariodominicano.com\/index.php?rest_route=%2Fwp%2Fv2%2Fcategories&post=162536"},{"taxonomy":"post_tag","embeddable":true,"href":"https:\/\/diariodominicano.com\/index.php?rest_route=%2Fwp%2Fv2%2Ftags&post=162536"}],"curies":[{"name":"wp","href":"https:\/\/api.w.org\/{rel}","templated":true}]}}