{"id":162535,"date":"2014-08-01T18:27:43","date_gmt":"2014-08-01T18:27:43","guid":{"rendered":"http:\/\/diariodominicano.ddns.net\/?p=162535"},"modified":"2014-08-01T18:27:43","modified_gmt":"2014-08-01T18:27:43","slug":"bisono-se-opone-a-impuesto-de-comparas-por-internet","status":"publish","type":"post","link":"https:\/\/diariodominicano.com\/?p=162535","title":{"rendered":"&#13;&#13;&#13;Bison\u00f3 se opone a  impuesto de comparas por Internet&#13;"},"content":{"rendered":"<p><body><\/p>\n<p><img decoding=\"async\" src=\"http:\/\/localhost:8080\/img3\/ITO.JPG\" \/>  <\/p>\n<\/p>\n<p><span class=\"text1noticias\">Santo Domingo, RD, 1 de agosto. ? \u00abNos opusimos y lo volvemos a hacer\u00bb. De esta forma se refiri\u00f3 el precandidato presidencial por el Partido Reformista Social Cristiano (PRSC), V\u00edctor ? Ito ? Bison\u00f3, al anuncio de la Direcci\u00f3n General de Aduanas (DGA) de imponer impuestos a compras por Internet inferiores a 200 d\u00f3lares.<\/span><\/p>\n<\/p>\n<p><span class=\"text1noticias\">Bison\u00f3 afirm\u00f3 que es partidario del comercio transparente, justo y competitivo, pero lo que no apoya \u00abson m\u00e1s impuestos para cargar la mochila que ya lleva la clase media, que en los \u00faltimos a\u00f1os ha debido soportar innumerables reformas fiscales producto de un modelo insostenible\u00bb, dijo.<\/span><\/p>\n<\/p>\n<p><span class=\"text1noticias\">Afirm\u00f3 que no se puede continuar con el precedente de aumentar la carga tributaria a la clase media a trav\u00e9s de medidas administrativas, creando de paso un conflicto constitucional que \u00abdebe ser corregido pues chocan disposiciones administrativas y un decreto presidencial\u00bb.<\/span><\/p>\n<\/p>\n<p><span class=\"text1noticias\">Bison\u00f3 reafirm\u00f3 su rechazo a esos impuestos, el cual vot\u00f3 en contra en la C\u00e1mara de Diputados. \u00abNos opusimos y votamos en contra de impuestos a compras por Internet y lo hacemos nuevamente. Apoyamos a la clase media\u00bb, concluy\u00f3.<\/span><\/p>\n<h6> 2014-08-01 18:27:43 <\/h6>\n<p><!--\n<link rel=\"stylesheet\" href=\"css\/bootstrap.min.css\">\n\n\n<ul class=\"pagination\">\n\t    \n\t\n\n<li >\n\t<a href='?page_no=14930'>Previous<\/a>\n\t<\/li>\n\n\n       \n    \n\n<li><a href='?page_no=1'>1<\/a><\/li>\n\n\n\n<li><a href='?page_no=2'>2<\/a><\/li>\n\n\n\n<li><a>...<\/a><\/li>\n\n\n\n<li><a href='?page_no=14929'>14929<\/a><\/li>\n\n\n\n<li><a href='?page_no=14930'>14930<\/a><\/li>\n\n\n\n<li class='active'><a>14931<\/a><\/li>\n\n\n\n<li><a href='?page_no=14932'>14932<\/a><\/li>\n\n\n\n<li><a href='?page_no=14933'>14933<\/a><\/li>\n\n\n\n<li><a>...<\/a><\/li>\n\n\n\n<li><a href='?page_no=36999'>36999<\/a><\/li>\n\n\n\n<li><a href='?page_no=37000'>37000<\/a><\/li>\n\n    \n\t\n\n<li >\n\t<a href='?page_no=14932'>Next<\/a>\n\t<\/li>\n\n\n    \n\n<li><a href='?page_no=37000'>Last &rsaquo;&rsaquo;<\/a><\/li>\n\n<\/ul>\n\n\n--><br \/>\n<\/body><\/p>\n","protected":false},"excerpt":{"rendered":"<p>Santo Domingo, RD, 1 de agosto. ? \u00abNos opusimos y lo volvemos a hacer\u00bb. De esta forma se refiri\u00f3 el precandidato presidencial por el Partido Reformista Social Cristiano (PRSC), V\u00edctor ? Ito ? Bison\u00f3, al anuncio de la Direcci\u00f3n General de Aduanas (DGA) de imponer impuestos a compras por Internet inferiores a 200 d\u00f3lares. Bison\u00f3 [&hellip;]<\/p>\n","protected":false},"author":3,"featured_media":0,"comment_status":"open","ping_status":"open","sticky":false,"template":"","format":"standard","meta":{"footnotes":""},"categories":[22],"tags":[],"class_list":["post-162535","post","type-post","status-publish","format-standard","hentry","category-politica"],"_links":{"self":[{"href":"https:\/\/diariodominicano.com\/index.php?rest_route=\/wp\/v2\/posts\/162535","targetHints":{"allow":["GET"]}}],"collection":[{"href":"https:\/\/diariodominicano.com\/index.php?rest_route=\/wp\/v2\/posts"}],"about":[{"href":"https:\/\/diariodominicano.com\/index.php?rest_route=\/wp\/v2\/types\/post"}],"author":[{"embeddable":true,"href":"https:\/\/diariodominicano.com\/index.php?rest_route=\/wp\/v2\/users\/3"}],"replies":[{"embeddable":true,"href":"https:\/\/diariodominicano.com\/index.php?rest_route=%2Fwp%2Fv2%2Fcomments&post=162535"}],"version-history":[{"count":0,"href":"https:\/\/diariodominicano.com\/index.php?rest_route=\/wp\/v2\/posts\/162535\/revisions"}],"wp:attachment":[{"href":"https:\/\/diariodominicano.com\/index.php?rest_route=%2Fwp%2Fv2%2Fmedia&parent=162535"}],"wp:term":[{"taxonomy":"category","embeddable":true,"href":"https:\/\/diariodominicano.com\/index.php?rest_route=%2Fwp%2Fv2%2Fcategories&post=162535"},{"taxonomy":"post_tag","embeddable":true,"href":"https:\/\/diariodominicano.com\/index.php?rest_route=%2Fwp%2Fv2%2Ftags&post=162535"}],"curies":[{"name":"wp","href":"https:\/\/api.w.org\/{rel}","templated":true}]}}