{"id":162534,"date":"2014-08-01T18:51:31","date_gmt":"2014-08-01T18:51:31","guid":{"rendered":"http:\/\/diariodominicano.ddns.net\/?p=162534"},"modified":"2014-08-01T18:51:31","modified_gmt":"2014-08-01T18:51:31","slug":"mieses-culpa-alcaldia-sde-de-problemas-salud-en-los-mameyes","status":"publish","type":"post","link":"https:\/\/diariodominicano.com\/?p=162534","title":{"rendered":"&#13;&#13;Mieses culpa Alcald\u00eda SDE de problemas  salud  en Los Mameyes"},"content":{"rendered":"<p><body><\/p>\n<p><img decoding=\"async\" src=\"img3\/andy.jpg\" \/>  <\/p>\n<\/p>\n<p>Santo Domingo, RD, 1 de agosto.- Andy Mieses  culp\u00f3 a la Alcald\u00eda  de los problemas de salud  que sufren decenas de familias   por  la acumulaci\u00f3n de  de aguas negras  en la calle Damasco  del sector de Los Mameyes, del  Municipio de Santo Domingo Este. <\/p>\n<\/p>\n<p>Mieses, aspirante a alcalde  de la Alianza por la Democracia,  se\u00f1al\u00f3  que  los  residentes en esta v\u00eda  tienen  meses solicitando  al cabildo local  la soluci\u00f3n de este problema  y sin embargo, no les prestan atenci\u00f3n.<\/p>\n<\/p>\n<p>Precis\u00f3  al visitar este viernes el lugar,  que se produjo  una  corta lluvia  y  las aguas negras  se desplazaban con fuerza  y aumentaban  su desbordamiento afectando a un n\u00famero mayor de familias.<\/p>\n<\/p>\n<p>Mieses  dijo que esta situaci\u00f3n en un ejemplo del descuido  sufrido por la ciudad oriental  durante la gesti\u00f3n de 10 a\u00f1os que agotan  las actuales autoridades  municipales.<\/p>\n<\/p>\n<p>\u00abEllos han agotado  su tiempo, ahora le toca  al pueblo  ser  parte  de una gesti\u00f3n  que con sentido  humano  trabaje a favor de las comunidades  sin perder tiempo  en cosas que  en nada benefician  a  la ciudad ni  a su gente\u00bb,  signific\u00f3.<\/p>\n<\/p>\n<p>Durante su visita  a la calle Damasco del sector Los Mameyes,  Mieses  intercambi\u00f3 impresiones con  los miembros de la familia  Rosario, los m\u00e1s afectados con  la existencia de este foco infectocontagioso.<\/p>\n<h6> 2014-08-01 18:51:31 <\/h6>\n<p><!--\n<link rel=\"stylesheet\" href=\"css\/bootstrap.min.css\">\n\n\n<ul class=\"pagination\">\n\t    \n\t\n\n<li >\n\t<a href='?page_no=14929'>Previous<\/a>\n\t<\/li>\n\n\n       \n    \n\n<li><a href='?page_no=1'>1<\/a><\/li>\n\n\n\n<li><a href='?page_no=2'>2<\/a><\/li>\n\n\n\n<li><a>...<\/a><\/li>\n\n\n\n<li><a href='?page_no=14928'>14928<\/a><\/li>\n\n\n\n<li><a href='?page_no=14929'>14929<\/a><\/li>\n\n\n\n<li class='active'><a>14930<\/a><\/li>\n\n\n\n<li><a href='?page_no=14931'>14931<\/a><\/li>\n\n\n\n<li><a href='?page_no=14932'>14932<\/a><\/li>\n\n\n\n<li><a>...<\/a><\/li>\n\n\n\n<li><a href='?page_no=36999'>36999<\/a><\/li>\n\n\n\n<li><a href='?page_no=37000'>37000<\/a><\/li>\n\n    \n\t\n\n<li >\n\t<a href='?page_no=14931'>Next<\/a>\n\t<\/li>\n\n\n    \n\n<li><a href='?page_no=37000'>Last &rsaquo;&rsaquo;<\/a><\/li>\n\n<\/ul>\n\n\n--><br \/>\n<\/body><\/p>\n","protected":false},"excerpt":{"rendered":"<p>Santo Domingo, RD, 1 de agosto.- Andy Mieses culp\u00f3 a la Alcald\u00eda de los problemas de salud que sufren decenas de familias por la acumulaci\u00f3n de de aguas negras en la calle Damasco del sector de Los Mameyes, del Municipio de Santo Domingo Este. Mieses, aspirante a alcalde de la Alianza por la Democracia, se\u00f1al\u00f3 [&hellip;]<\/p>\n","protected":false},"author":3,"featured_media":0,"comment_status":"open","ping_status":"open","sticky":false,"template":"","format":"standard","meta":{"footnotes":""},"categories":[22],"tags":[],"class_list":["post-162534","post","type-post","status-publish","format-standard","hentry","category-politica"],"_links":{"self":[{"href":"https:\/\/diariodominicano.com\/index.php?rest_route=\/wp\/v2\/posts\/162534","targetHints":{"allow":["GET"]}}],"collection":[{"href":"https:\/\/diariodominicano.com\/index.php?rest_route=\/wp\/v2\/posts"}],"about":[{"href":"https:\/\/diariodominicano.com\/index.php?rest_route=\/wp\/v2\/types\/post"}],"author":[{"embeddable":true,"href":"https:\/\/diariodominicano.com\/index.php?rest_route=\/wp\/v2\/users\/3"}],"replies":[{"embeddable":true,"href":"https:\/\/diariodominicano.com\/index.php?rest_route=%2Fwp%2Fv2%2Fcomments&post=162534"}],"version-history":[{"count":0,"href":"https:\/\/diariodominicano.com\/index.php?rest_route=\/wp\/v2\/posts\/162534\/revisions"}],"wp:attachment":[{"href":"https:\/\/diariodominicano.com\/index.php?rest_route=%2Fwp%2Fv2%2Fmedia&parent=162534"}],"wp:term":[{"taxonomy":"category","embeddable":true,"href":"https:\/\/diariodominicano.com\/index.php?rest_route=%2Fwp%2Fv2%2Fcategories&post=162534"},{"taxonomy":"post_tag","embeddable":true,"href":"https:\/\/diariodominicano.com\/index.php?rest_route=%2Fwp%2Fv2%2Ftags&post=162534"}],"curies":[{"name":"wp","href":"https:\/\/api.w.org\/{rel}","templated":true}]}}