{"id":162532,"date":"2014-08-01T19:24:15","date_gmt":"2014-08-01T19:24:15","guid":{"rendered":"http:\/\/diariodominicano.ddns.net\/?p=162532"},"modified":"2014-08-01T19:24:15","modified_gmt":"2014-08-01T19:24:15","slug":"diputado-que-buscara-sindicatura-de-sfm-afirma-que-el-presidente-danilo-medina-hace-gestion-de-gobierno-ejemplar","status":"publish","type":"post","link":"https:\/\/diariodominicano.com\/?p=162532","title":{"rendered":"&#13;Diputado que buscar\u00e1 sindicatura de SFM afirma que el presidente Danilo Medina hace gesti\u00f3n de gobierno ejemplar"},"content":{"rendered":"<p><body><\/p>\n<\/p>\n<p>Nueva York, EEUU, 1 de agosto.-El diputado Juan Jos\u00e9 Rosario, de San Francisco de Macor\u00eds, afirm\u00f3 que el presidente Danilo Medina est\u00e1 haciendo una gesti\u00f3n de gobierno ejemplar en beneficio del pa\u00eds y de los dominicanos residentes dentro y fuera de la patria, lo que lo mantiene en la cima de la aceptaci\u00f3n en las encuestas nacionales e internacionales.<\/p>\n<\/p>\n<p>Rosario hizo la afirmaci\u00f3n durante una visita de cortes\u00eda al Consulado General de la Rep\u00fablica Dominicana en esta ciudad, luego de participar como invitado especial en el reciente desfile dominicano de El Bronx, junto a al licenciado Luis Lithgow, presidente de la Junta del Plan de Alfabetizaci\u00f3n\/NY.<\/p>\n<\/p>\n<p>El tambi\u00e9n miembro del Comit\u00e9 Central del Partido de la Liberaci\u00f3n Dominicana (PLD), dijo que el presidente Medina ha mostrado ser una persona humilde y sencilla que con las inversiones en los casi primeros dos a\u00f1os de su gobierno en obras de infraestructuras, la educaci\u00f3n y las peque\u00f1as y medianas empresas, ha logrado un mayor desarrollo del pa\u00eds y la mejor\u00eda econ\u00f3mica de las familias.<\/p>\n<\/p>\n<p>\u00abLa gesti\u00f3n del gobierno de Danilo Medina la expresan los n\u00fameros arrojados por las encuestas, pues tiene m\u00e1s del 80% por ciento de aceptaci\u00f3n, buscando equiparar su labor con lo que fue la obra del r\u00e9gimen de siete meses que presidi\u00f3 el profesor Juan Bosch\u00bb, puntualiz\u00f3.<\/p>\n<\/p>\n<p>Agreg\u00f3 que en cada comunidad del pa\u00eds visitada por el presidente Medina, se han hecho inversiones para incentivar las producciones agropecuaria, av\u00edcola y pecuaria, adem\u00e1s de que se han proporcionado financiamientos a peque\u00f1as y medianas empresas productivas, lo que ha incrementado las fuentes de empleo en el sector privado.<\/p>\n<\/p>\n<p>\u00abLa agropecuaria se ha fortalecido en forma sin precedente, lo que junto a la capitalizaci\u00f3n del Banco Agr\u00edcola y la puesta en ejecuci\u00f3n de programas como las tandas extendidas en las escuelas y para buscar soluciones de manera colectiva a la pobreza, han motivado el apoyo que ha concitado el gobierno del presidente Medina\u00bb, manifest\u00f3.<\/p>\n<\/p>\n<p>El legislador por la circunscripci\u00f3n n\u00famero uno aprovech\u00f3 su visita a esta urbe para hacer contactos con dirigentes y miembros del PLD y nativos de San Francisco de Macor\u00eds, como parte de su proyecto de ser electo sindico de ese municipio en el 2016, cargo que hab\u00eda desempe\u00f1ado.<\/p>\n<\/p>\n<p>\u00abAdem\u00e1s de participar en el desfile de El Bronx, el cual sirvi\u00f3 para exponer la cultura y el folclor de los dominicanos en el exterior, he querido reunirme con compa\u00f1eros del PLD, y con la solidaridad que he recibido de Luis Lithgow, ponerme en contacto con mis connacionales francomacorisanos, recabando su apoyo en mi aspiraci\u00f3n de ser nuevamente alcalde de San Francisco de Macor\u00eds, municipio cabecera de la provincia Duarte, de la que fui gobernador (1996-2000)\u00bb, manifest\u00f3 Juan Jos\u00e9 Rosario.<\/p>\n<\/p>\n<p>Rosario, quien labor\u00f3 como t\u00e9cnico en el \u00e1rea de sanidad del Ministerio de Agricultura (1979-1990), agradeci\u00f3 a Lithgow sus muestras de cari\u00f1o, solidaridad y calor humano, durante su participaci\u00f3n en el desfile de los dominicanos en El Bronx, y su visita al Consulado, donde laboran nativos de San Francisco de Macor\u00eds que emigraron a los Estados Unidos.<\/p>\n<h6> 2014-08-01 19:24:15 <\/h6>\n<p><!--\n<link rel=\"stylesheet\" href=\"css\/bootstrap.min.css\">\n\n\n<ul class=\"pagination\">\n\t    \n\t\n\n<li >\n\t<a href='?page_no=14928'>Previous<\/a>\n\t<\/li>\n\n\n       \n    \n\n<li><a href='?page_no=1'>1<\/a><\/li>\n\n\n\n<li><a href='?page_no=2'>2<\/a><\/li>\n\n\n\n<li><a>...<\/a><\/li>\n\n\n\n<li><a href='?page_no=14927'>14927<\/a><\/li>\n\n\n\n<li><a href='?page_no=14928'>14928<\/a><\/li>\n\n\n\n<li class='active'><a>14929<\/a><\/li>\n\n\n\n<li><a href='?page_no=14930'>14930<\/a><\/li>\n\n\n\n<li><a href='?page_no=14931'>14931<\/a><\/li>\n\n\n\n<li><a>...<\/a><\/li>\n\n\n\n<li><a href='?page_no=36999'>36999<\/a><\/li>\n\n\n\n<li><a href='?page_no=37000'>37000<\/a><\/li>\n\n    \n\t\n\n<li >\n\t<a href='?page_no=14930'>Next<\/a>\n\t<\/li>\n\n\n    \n\n<li><a href='?page_no=37000'>Last &rsaquo;&rsaquo;<\/a><\/li>\n\n<\/ul>\n\n\n--><br \/>\n<\/body><\/p>\n","protected":false},"excerpt":{"rendered":"<p>Nueva York, EEUU, 1 de agosto.-El diputado Juan Jos\u00e9 Rosario, de San Francisco de Macor\u00eds, afirm\u00f3 que el presidente Danilo Medina est\u00e1 haciendo una gesti\u00f3n de gobierno ejemplar en beneficio del pa\u00eds y de los dominicanos residentes dentro y fuera de la patria, lo que lo mantiene en la cima de la aceptaci\u00f3n en las [&hellip;]<\/p>\n","protected":false},"author":3,"featured_media":0,"comment_status":"open","ping_status":"open","sticky":false,"template":"","format":"standard","meta":{"footnotes":""},"categories":[22],"tags":[],"class_list":["post-162532","post","type-post","status-publish","format-standard","hentry","category-politica"],"_links":{"self":[{"href":"https:\/\/diariodominicano.com\/index.php?rest_route=\/wp\/v2\/posts\/162532","targetHints":{"allow":["GET"]}}],"collection":[{"href":"https:\/\/diariodominicano.com\/index.php?rest_route=\/wp\/v2\/posts"}],"about":[{"href":"https:\/\/diariodominicano.com\/index.php?rest_route=\/wp\/v2\/types\/post"}],"author":[{"embeddable":true,"href":"https:\/\/diariodominicano.com\/index.php?rest_route=\/wp\/v2\/users\/3"}],"replies":[{"embeddable":true,"href":"https:\/\/diariodominicano.com\/index.php?rest_route=%2Fwp%2Fv2%2Fcomments&post=162532"}],"version-history":[{"count":0,"href":"https:\/\/diariodominicano.com\/index.php?rest_route=\/wp\/v2\/posts\/162532\/revisions"}],"wp:attachment":[{"href":"https:\/\/diariodominicano.com\/index.php?rest_route=%2Fwp%2Fv2%2Fmedia&parent=162532"}],"wp:term":[{"taxonomy":"category","embeddable":true,"href":"https:\/\/diariodominicano.com\/index.php?rest_route=%2Fwp%2Fv2%2Fcategories&post=162532"},{"taxonomy":"post_tag","embeddable":true,"href":"https:\/\/diariodominicano.com\/index.php?rest_route=%2Fwp%2Fv2%2Ftags&post=162532"}],"curies":[{"name":"wp","href":"https:\/\/api.w.org\/{rel}","templated":true}]}}