{"id":162531,"date":"2014-08-02T19:02:14","date_gmt":"2014-08-02T19:02:14","guid":{"rendered":"http:\/\/diariodominicano.ddns.net\/?p=162531"},"modified":"2014-08-02T19:02:14","modified_gmt":"2014-08-02T19:02:14","slug":"por-tormenta-bertha-aplazan-seminario-pld-en-la-region-este-para-una-nueva-fecha","status":"publish","type":"post","link":"https:\/\/diariodominicano.com\/?p=162531","title":{"rendered":"Por tormenta Bertha aplazan seminario PLD en la regi\u00f3n Este para una nueva fecha"},"content":{"rendered":"<p><body><\/p>\n<p><img decoding=\"async\" src=\"img3\/peledeistas.jpg\" \/>  <\/p>\n<p><span class=\"text1noticias\">Santo Domingo, RD, 2 de Agosto.-Alejandrina Germ\u00e1n proclam\u00f3 que para emular el ejemplo del fundador del Partido de la Liberacion Dominicana, Profesor Juan Bosch, hay que actuar como se piensa y pensar como se actua; agregando que el principal deber del militante pelede\u00edsta es defender sin titubeos el Boschismo como su doctrina partidista.<\/span><\/p>\n<p><span class=\"text1noticias\"> <\/span><\/p>\n<p><span class=\"text1noticias\">La integrante del Comit\u00e9 Pol\u00edtico del PLD habl\u00f3 en esos t\u00e9rminos en  San Francisco de Macor\u00eds al exponer el tema Vida y Obra de Juan Bosch: Teoria Boschista, ante delegaciones  de dirigentes, autoridades electas y designadas de las filas de esa organizaci\u00f3n en las provincias Duarte, Saman\u00e1,  Maria Trinidad S\u00e1nchez y Hermanas Mirabal.<\/span><\/p>\n<p><span class=\"text1noticias\"> <\/span><\/p>\n<p><span class=\"text1noticias\">Dijo que  ser un Partido de masas no impide seguir trabajando por una sociedad mas inclusiva y que para ello desde el Partido de la Liberaci\u00f3n Dominicana es indispensable retomar el estudio de la doctrina boschista, lo cual esta promoviendo con sus seminarios regionales de la Secretaria de Formaci\u00f3n Pol\u00edtica de la cual ella es titular.<\/span><\/p>\n<p><span class=\"text1noticias\"> <\/span><\/p>\n<p><span class=\"text1noticias\">Afirm\u00f3 que visto los resultados electorales mas recientes,  la gente sigue confiando en el PLD, \u00aby no podemos defraudar a Juan Bosch, y por ello hay que estudiarlo y seguirlo en perspectiva actual y futura\u00bb<\/span><\/p>\n<p><span class=\"text1noticias\"> <\/span><\/p>\n<p><span class=\"text1noticias\">\u00abJuan Bosch es \u00fanico e irrepetible. De lo que se trata es de emular su ejemplo en la predica y la practica de vida: es decir, coherencia entre lo que se piensa, dice y se hace.\u00bb, expres\u00f3 la secretaria de Formaci\u00f3n Pol\u00edtica.<\/span><\/p>\n<p><span class=\"text1noticias\"> <\/span><\/p>\n<p><span class=\"text1noticias\">En otro orden  Alejandrina Germ\u00e1n, inform\u00f3 de  la posposici\u00f3n  del seminario programado para la ma\u00f1ana de este domingo 3, hasta  nuevo aviso, en prevenci\u00f3n por el paso por el pa\u00eds de la tormenta Bertha.<\/span><\/p>\n<p><span class=\"text1noticias\"> <\/span><\/p>\n<p><span class=\"text1noticias\">Sobre lo anterior dijo, que tambi\u00e9n una apreciable cantidad de las y los militantes y dirigentes forman parte o son colabores de los organismos de socorro   Adem\u00e1s porque acuden en solidaridad de los compa\u00f1eros y vecinos que viven en situaci\u00f3n de vulnerabilidad.<\/span><\/p>\n<p><span class=\"text1noticias\"> <\/span><\/p>\n<p><span class=\"text1noticias\">La mesa directiva del Seminario Hacia Una Nueva Vision de la Formaci\u00f3n Pol\u00edtica en la regi\u00f3n nordeste para las provincias Duarte, con sede en el municipio San Francisco de Macor\u00eds, Maria Trinidad S\u00e1nchez, Hermanas Mirabal y Saman\u00e1, estuvo integrada  por el Presidente Provincial del PLD en la provincia Duarte, Andr\u00e9s Acosta,  del Municipal de San Francisco de Macoris Enmanuel Trinidad,  la vicesecretaria general del PLD,  Miledys Nunez; el Senador Amilcar Romero, los diputados Lupe N\u00fa\u00f1ez y Juan Compr\u00e9s , asi como los miembros del Comit\u00e9 Central Antonio Rosario y  Beatriz Ovalle.<\/span><\/p>\n<p><span class=\"text1noticias\"> <\/span><\/p>\n<p><span class=\"text1noticias\">Le correspondi\u00f3 a Andr\u00e9s Acosta ofrecer las palabras de bienvenida a nombre de los representantes de las provincias presentes en el seminario regional, desarrollado bajo el formato taller.<\/span><\/p>\n<p><span class=\"text1noticias\"> <\/span><\/p>\n<p><span class=\"text1noticias\">Los integrantes del equipo de Formaci\u00f3n Pol\u00edtica Alfonso Espinal, Beatriz Ovalle, H\u00e9ctor Luis Mart\u00ednez, Silvio Regalado y Vernon Cabrera  se repartieron las diferentes ponencias abordando la historia del PLD, el programa de Formaci\u00f3n Pol\u00edtica, aprobado en el recien celebrado Congreso y otros aspectos formativos incluidos en el seminario.(HG)<\/span>.<\/p>\n<h6> 2014-08-02 19:02:14 <\/h6>\n<p><!--\n<link rel=\"stylesheet\" href=\"css\/bootstrap.min.css\">\n\n\n<ul class=\"pagination\">\n\t    \n\t\n\n<li >\n\t<a href='?page_no=14927'>Previous<\/a>\n\t<\/li>\n\n\n       \n    \n\n<li><a href='?page_no=1'>1<\/a><\/li>\n\n\n\n<li><a href='?page_no=2'>2<\/a><\/li>\n\n\n\n<li><a>...<\/a><\/li>\n\n\n\n<li><a href='?page_no=14926'>14926<\/a><\/li>\n\n\n\n<li><a href='?page_no=14927'>14927<\/a><\/li>\n\n\n\n<li class='active'><a>14928<\/a><\/li>\n\n\n\n<li><a href='?page_no=14929'>14929<\/a><\/li>\n\n\n\n<li><a href='?page_no=14930'>14930<\/a><\/li>\n\n\n\n<li><a>...<\/a><\/li>\n\n\n\n<li><a href='?page_no=36999'>36999<\/a><\/li>\n\n\n\n<li><a href='?page_no=37000'>37000<\/a><\/li>\n\n    \n\t\n\n<li >\n\t<a href='?page_no=14929'>Next<\/a>\n\t<\/li>\n\n\n    \n\n<li><a href='?page_no=37000'>Last &rsaquo;&rsaquo;<\/a><\/li>\n\n<\/ul>\n\n\n--><br \/>\n<\/body><\/p>\n","protected":false},"excerpt":{"rendered":"<p>Santo Domingo, RD, 2 de Agosto.-Alejandrina Germ\u00e1n proclam\u00f3 que para emular el ejemplo del fundador del Partido de la Liberacion Dominicana, Profesor Juan Bosch, hay que actuar como se piensa y pensar como se actua; agregando que el principal deber del militante pelede\u00edsta es defender sin titubeos el Boschismo como su doctrina partidista. La integrante [&hellip;]<\/p>\n","protected":false},"author":3,"featured_media":0,"comment_status":"open","ping_status":"open","sticky":false,"template":"","format":"standard","meta":{"footnotes":""},"categories":[22],"tags":[],"class_list":["post-162531","post","type-post","status-publish","format-standard","hentry","category-politica"],"_links":{"self":[{"href":"https:\/\/diariodominicano.com\/index.php?rest_route=\/wp\/v2\/posts\/162531","targetHints":{"allow":["GET"]}}],"collection":[{"href":"https:\/\/diariodominicano.com\/index.php?rest_route=\/wp\/v2\/posts"}],"about":[{"href":"https:\/\/diariodominicano.com\/index.php?rest_route=\/wp\/v2\/types\/post"}],"author":[{"embeddable":true,"href":"https:\/\/diariodominicano.com\/index.php?rest_route=\/wp\/v2\/users\/3"}],"replies":[{"embeddable":true,"href":"https:\/\/diariodominicano.com\/index.php?rest_route=%2Fwp%2Fv2%2Fcomments&post=162531"}],"version-history":[{"count":0,"href":"https:\/\/diariodominicano.com\/index.php?rest_route=\/wp\/v2\/posts\/162531\/revisions"}],"wp:attachment":[{"href":"https:\/\/diariodominicano.com\/index.php?rest_route=%2Fwp%2Fv2%2Fmedia&parent=162531"}],"wp:term":[{"taxonomy":"category","embeddable":true,"href":"https:\/\/diariodominicano.com\/index.php?rest_route=%2Fwp%2Fv2%2Fcategories&post=162531"},{"taxonomy":"post_tag","embeddable":true,"href":"https:\/\/diariodominicano.com\/index.php?rest_route=%2Fwp%2Fv2%2Ftags&post=162531"}],"curies":[{"name":"wp","href":"https:\/\/api.w.org\/{rel}","templated":true}]}}