{"id":162530,"date":"2014-08-02T19:46:50","date_gmt":"2014-08-02T19:46:50","guid":{"rendered":"http:\/\/diariodominicano.ddns.net\/?p=162530"},"modified":"2014-08-02T19:46:50","modified_gmt":"2014-08-02T19:46:50","slug":"max-puig-considera-la-degradacion-marca-la-sociedad-dominicana","status":"publish","type":"post","link":"https:\/\/diariodominicano.com\/?p=162530","title":{"rendered":"Max Puig considera la degradaci\u00f3n marca la sociedad dominicana"},"content":{"rendered":"<p><body><\/p>\n<p><img decoding=\"async\" src=\"img3\/max.jpg\" \/>  <\/p>\n<p><span class=\"text1noticias\">Santo Domingo, RD, 2 de Agosto.-El presidente de la Alianza por la Democracia (APD), doctor  Max Puig consider\u00f3 que la degradaci\u00f3n pol\u00edtica, \u00e9tica, econ\u00f3mica y social marca la Rep\u00fablica Dominicana de hoy.<\/span><\/p>\n<\/p>\n<p><span class=\"text1noticias\">Al mismo tiempo, Puig plante\u00f3 que el gobierno asumi\u00f3 sus funciones amparado en promesas de cambio que no se han cumplido y dentro de pocos d\u00edas cumplir\u00e1 dos a\u00f1os.\t<\/span><\/p>\n<\/p>\n<p><span class=\"text1noticias\">\u00abLas promesas de bienestar se han visto frustradas una vez m\u00e1s. Los problemas fundamentales de nuestra sociedad se agravan cada d\u00eda\u00bb, subray\u00f3. <\/span><\/p>\n<\/p>\n<p><span class=\"text1noticias\">El pol\u00edtico y soci\u00f3logo se pronunci\u00f3 en estos t\u00e9rminos  al  encabezar  una ofrenda floral en el Altar de la Patria con motivo al 22 aniversario de la Alianza por la Democracia, fundada el 2 de agosto de 1992.<\/span><\/p>\n<\/p>\n<p><span class=\"text1noticias\">Se\u00f1al\u00f3 que el clientelismo, la corrupci\u00f3n y la impunidad siguen actuando de la mano bajo el manto protector del gobierno.<\/span><\/p>\n<\/p>\n<p><span class=\"text1noticias\">Explic\u00f3 que la falta de empleo, el alto costo de la vida, los ingresos reducidos y las precariedades de todo tipo siguen marcando la vida cotidiana de los dominicanos y las dominicanas.<\/span><\/p>\n<\/p>\n<p><span class=\"text1noticias\">Subray\u00f3 que la carrera del endeudamiento irresponsable sigue su curso conduciendo al pa\u00eds a un callej\u00f3n sin salida.<\/span><\/p>\n<\/p>\n<p><span class=\"text1noticias\">Dijo que los servicios de seguridad p\u00fablica han sido desbordados por la delincuencia y el crimen.<\/span><\/p>\n<\/p>\n<p><span class=\"text1noticias\">Afirm\u00f3 que el sicariato est\u00e1 imponiendo su ley, manifest\u00e1ndose incluso al interior mismo del partido de gobierno.<\/span><\/p>\n<\/p>\n<p><span class=\"text1noticias\">A\u00f1adi\u00f3 que las autoridades no han sido capaces de frenar el acto criminal de la venta de medicamentos falsificados.<\/span><\/p>\n<\/p>\n<p><span class=\"text1noticias\">\u00abEl gobierno, inspirado en un pensamiento de corte conservador y autoritario, cree que restringiendo las libertades p\u00fablicas y los derechos democr\u00e1ticos lograr\u00e1 mantener el control de un pueblo que reclama condiciones de existencia m\u00e1s justas y humanas\u00bb, asever\u00f3.<\/span><\/p>\n<\/p>\n<p><span class=\"text1noticias\">El dirigente pol\u00edtico agreg\u00f3 que \u00abla Polic\u00eda Nacional, utilizando el pretexto de supuestos intercambios de disparos, est\u00e1 asesinando decenas de j\u00f3venes que en algunos casos han entrado en conflicto con la ley por falta de oportunidades\u00bb.<\/span><\/p>\n<\/p>\n<p><span class=\"text1noticias\">Apunt\u00f3 que el Tribunal Constitucional, llamado a hacer valer la Constituci\u00f3n, es el primero en violarla con interpretaciones peregrinas y ama\u00f1adas.<\/span><\/p>\n<p><span class=\"text1noticias\">  <\/span><\/p>\n<p><span class=\"text1noticias\">Dijo Puig que \u00abciento setenta a\u00f1os despu\u00e9s de la independencia los Santana y los santanistas de hoy, defensores de un proyecto autoritario y conservador, pretenden declarar traidores a quienes representan los ideales de cambio, redenci\u00f3n social y una verdadera independencia\u00bb.<\/span><\/p>\n<\/p>\n<p><span class=\"text1noticias\">Expres\u00f3 que nuestros h\u00e9roes debieron enfrentar toda suerte de adversidades, se\u00f1alando que hasta el propio  Duarte, que representaba el pensamiento pol\u00edtico y social m\u00e1s avanzado de su \u00e9poca en nuestro suelo, fue declarado traidor a la patria que \u00e9l mismo hab\u00eda conducido hacia la independencia por los que despu\u00e9s se la entregaron a Espa\u00f1a en vergonzoso acto de anexi\u00f3n.<\/span><\/p>\n<\/p>\n<p><span class=\"text1noticias\">Al referirse al nuevo aniversario de la APD, Puig manifest\u00f3 que esa entidad pol\u00edtica naci\u00f3 con el  prop\u00f3sito de contribuir a hacer del nuestro un pa\u00eds m\u00e1s justo, m\u00e1s solidario y m\u00e1s democr\u00e1tico.<\/span><\/p>\n<\/p>\n<p><span class=\"text1noticias\">\u00abTal como lo hemos venido haciendo a\u00f1o tras a\u00f1o les rendimos tributo a los fundadores de la Rep\u00fablica en este lugar sagrado, al tiempo que reafirmamos nuestro compromiso indeclinable de continuar su obra\u00bb, asever\u00f3.<\/span><\/p>\n<\/p>\n<p><span class=\"text1noticias\">Puntualiz\u00f3 que por ello la APD ha sugerido la constituci\u00f3n de un frente, bloque, polo o coalici\u00f3n pol\u00edtica y social de car\u00e1cter progresista con vistas al proceso electoral de 2016, al margen de los partidos pol\u00edticos tradicionales.(HG)<\/span>.<\/p>\n<h6> 2014-08-02 19:46:50 <\/h6>\n<p><!--\n<link rel=\"stylesheet\" href=\"css\/bootstrap.min.css\">\n\n\n<ul class=\"pagination\">\n\t    \n\t\n\n<li >\n\t<a href='?page_no=14926'>Previous<\/a>\n\t<\/li>\n\n\n       \n    \n\n<li><a href='?page_no=1'>1<\/a><\/li>\n\n\n\n<li><a href='?page_no=2'>2<\/a><\/li>\n\n\n\n<li><a>...<\/a><\/li>\n\n\n\n<li><a href='?page_no=14925'>14925<\/a><\/li>\n\n\n\n<li><a href='?page_no=14926'>14926<\/a><\/li>\n\n\n\n<li class='active'><a>14927<\/a><\/li>\n\n\n\n<li><a href='?page_no=14928'>14928<\/a><\/li>\n\n\n\n<li><a href='?page_no=14929'>14929<\/a><\/li>\n\n\n\n<li><a>...<\/a><\/li>\n\n\n\n<li><a href='?page_no=36999'>36999<\/a><\/li>\n\n\n\n<li><a href='?page_no=37000'>37000<\/a><\/li>\n\n    \n\t\n\n<li >\n\t<a href='?page_no=14928'>Next<\/a>\n\t<\/li>\n\n\n    \n\n<li><a href='?page_no=37000'>Last &rsaquo;&rsaquo;<\/a><\/li>\n\n<\/ul>\n\n\n--><br \/>\n<\/body><\/p>\n","protected":false},"excerpt":{"rendered":"<p>Santo Domingo, RD, 2 de Agosto.-El presidente de la Alianza por la Democracia (APD), doctor Max Puig consider\u00f3 que la degradaci\u00f3n pol\u00edtica, \u00e9tica, econ\u00f3mica y social marca la Rep\u00fablica Dominicana de hoy. Al mismo tiempo, Puig plante\u00f3 que el gobierno asumi\u00f3 sus funciones amparado en promesas de cambio que no se han cumplido y dentro [&hellip;]<\/p>\n","protected":false},"author":3,"featured_media":0,"comment_status":"open","ping_status":"open","sticky":false,"template":"","format":"standard","meta":{"footnotes":""},"categories":[22],"tags":[],"class_list":["post-162530","post","type-post","status-publish","format-standard","hentry","category-politica"],"_links":{"self":[{"href":"https:\/\/diariodominicano.com\/index.php?rest_route=\/wp\/v2\/posts\/162530","targetHints":{"allow":["GET"]}}],"collection":[{"href":"https:\/\/diariodominicano.com\/index.php?rest_route=\/wp\/v2\/posts"}],"about":[{"href":"https:\/\/diariodominicano.com\/index.php?rest_route=\/wp\/v2\/types\/post"}],"author":[{"embeddable":true,"href":"https:\/\/diariodominicano.com\/index.php?rest_route=\/wp\/v2\/users\/3"}],"replies":[{"embeddable":true,"href":"https:\/\/diariodominicano.com\/index.php?rest_route=%2Fwp%2Fv2%2Fcomments&post=162530"}],"version-history":[{"count":0,"href":"https:\/\/diariodominicano.com\/index.php?rest_route=\/wp\/v2\/posts\/162530\/revisions"}],"wp:attachment":[{"href":"https:\/\/diariodominicano.com\/index.php?rest_route=%2Fwp%2Fv2%2Fmedia&parent=162530"}],"wp:term":[{"taxonomy":"category","embeddable":true,"href":"https:\/\/diariodominicano.com\/index.php?rest_route=%2Fwp%2Fv2%2Fcategories&post=162530"},{"taxonomy":"post_tag","embeddable":true,"href":"https:\/\/diariodominicano.com\/index.php?rest_route=%2Fwp%2Fv2%2Ftags&post=162530"}],"curies":[{"name":"wp","href":"https:\/\/api.w.org\/{rel}","templated":true}]}}