{"id":162529,"date":"2014-08-03T12:56:46","date_gmt":"2014-08-03T12:56:46","guid":{"rendered":"http:\/\/diariodominicano.ddns.net\/?p=162529"},"modified":"2014-08-03T12:56:46","modified_gmt":"2014-08-03T12:56:46","slug":"presidente-de-primero-la-gente-llama-partidos-de-la-oposicion-a-ser-contrapeso-del-gobierno","status":"publish","type":"post","link":"https:\/\/diariodominicano.com\/?p=162529","title":{"rendered":"&#13;&#13;Presidente de Primero la Gente llama partidos de la oposici\u00f3n a ser contrapeso del Gobierno&#13;"},"content":{"rendered":"<p><body><\/p>\n<p><img decoding=\"async\" src=\"img3\/marte.jpg\" \/>  <\/p>\n<p><span class=\"text1noticias\">Santo Domingo, RD, 3 de Agosto.-El presidente del Movimiento Primero la Gente (MPG), Antonio Marte respald\u00f3 las declaraciones del embajador de Estados Unidos en el pa\u00eds, James (Wally) Brewster, de sugerir a la Rep\u00fablica Dominicana no producir una concentraci\u00f3n de poder en un solo partido pol\u00edtico y pidi\u00f3 a los dirigentes pol\u00edticos trabajar para fortalecer los partidos que est\u00e1n en la oposici\u00f3n, para que act\u00faen de contrapeso, en lugar de criticar al diplom\u00e1tico.<\/span><\/p>\n<p><span class=\"text1noticias\"> <\/span><\/p>\n<p><span class=\"text1noticias\">Favoreci\u00f3 que la posici\u00f3n del diplom\u00e1tico, de que en el pa\u00eds coexistan varias fuerzas pol\u00edticas dentro del sistema de partidos, como forma de fortalecer la democracia.<\/span><\/p>\n<p><span class=\"text1noticias\"> <\/span><\/p>\n<p><span class=\"text1noticias\">El empresario y pol\u00edtico se\u00f1al\u00f3 que los dominicanos deben evaluar y analizar la postura del embajador de EE.UU, de \u00abdecidir la forma que va a adoptar su sistema pol\u00edtico en una democracia\u00bb.<\/span><\/p>\n<p><span class=\"text1noticias\"> <\/span><\/p>\n<p><span class=\"text1noticias\">Pidi\u00f3 a los dirigentes pol\u00edticos dominicanos no acusar al embajador de injerencista.\u00bbEsta es la oportunidad propicia para que los partidos se revisen, para que los dirigentes pol\u00edticos analicemos la realidad de nuestras organizaciones\u00bb, dijo.<\/span><\/p>\n<p><span class=\"text1noticias\">  <\/span><\/p>\n<p><span class=\"text1noticias\">Manifest\u00f3 que los dominicanos deben tener madurez pol\u00edtica, trabajar juntos para en un plan de naci\u00f3n junto a las autoridades del Gobierno y los distintos partidos pol\u00edticos, a fin de involucrarse en las tomas de decisiones de los temas que preocupan a la ciudadan\u00eda.<\/span><\/p>\n<p><span class=\"text1noticias\"> <\/span><\/p>\n<p><span class=\"text1noticias\">Marte puntualiz\u00f3 que la realidad es que la tarea fundamental de los pol\u00edticos, dentro y fuera del poder, es aportar a la soluci\u00f3n de los problemas de su naci\u00f3n, hacer propuestas, iniciar agendas de trabajo que conlleven al progreso y desarrollo de la naci\u00f3n, por lo que recomend\u00f3 que es momento de \u00ababrirnos, porque lo primero es la gente. Creo necesario que los partidos de la oposici\u00f3n al Gobierno aportemos a la democracia la fortaleza que merece\u00bb.(HG)<\/span>.<\/p>\n<\/p>\n<h6> 2014-08-03 12:56:46 <\/h6>\n<p><!--\n<link rel=\"stylesheet\" href=\"css\/bootstrap.min.css\">\n\n\n<ul class=\"pagination\">\n\t    \n\t\n\n<li >\n\t<a href='?page_no=14925'>Previous<\/a>\n\t<\/li>\n\n\n       \n    \n\n<li><a href='?page_no=1'>1<\/a><\/li>\n\n\n\n<li><a href='?page_no=2'>2<\/a><\/li>\n\n\n\n<li><a>...<\/a><\/li>\n\n\n\n<li><a href='?page_no=14924'>14924<\/a><\/li>\n\n\n\n<li><a href='?page_no=14925'>14925<\/a><\/li>\n\n\n\n<li class='active'><a>14926<\/a><\/li>\n\n\n\n<li><a href='?page_no=14927'>14927<\/a><\/li>\n\n\n\n<li><a href='?page_no=14928'>14928<\/a><\/li>\n\n\n\n<li><a>...<\/a><\/li>\n\n\n\n<li><a href='?page_no=36999'>36999<\/a><\/li>\n\n\n\n<li><a href='?page_no=37000'>37000<\/a><\/li>\n\n    \n\t\n\n<li >\n\t<a href='?page_no=14927'>Next<\/a>\n\t<\/li>\n\n\n    \n\n<li><a href='?page_no=37000'>Last &rsaquo;&rsaquo;<\/a><\/li>\n\n<\/ul>\n\n\n--><br \/>\n<\/body><\/p>\n","protected":false},"excerpt":{"rendered":"<p>Santo Domingo, RD, 3 de Agosto.-El presidente del Movimiento Primero la Gente (MPG), Antonio Marte respald\u00f3 las declaraciones del embajador de Estados Unidos en el pa\u00eds, James (Wally) Brewster, de sugerir a la Rep\u00fablica Dominicana no producir una concentraci\u00f3n de poder en un solo partido pol\u00edtico y pidi\u00f3 a los dirigentes pol\u00edticos trabajar para fortalecer [&hellip;]<\/p>\n","protected":false},"author":3,"featured_media":0,"comment_status":"open","ping_status":"open","sticky":false,"template":"","format":"standard","meta":{"footnotes":""},"categories":[22],"tags":[],"class_list":["post-162529","post","type-post","status-publish","format-standard","hentry","category-politica"],"_links":{"self":[{"href":"https:\/\/diariodominicano.com\/index.php?rest_route=\/wp\/v2\/posts\/162529","targetHints":{"allow":["GET"]}}],"collection":[{"href":"https:\/\/diariodominicano.com\/index.php?rest_route=\/wp\/v2\/posts"}],"about":[{"href":"https:\/\/diariodominicano.com\/index.php?rest_route=\/wp\/v2\/types\/post"}],"author":[{"embeddable":true,"href":"https:\/\/diariodominicano.com\/index.php?rest_route=\/wp\/v2\/users\/3"}],"replies":[{"embeddable":true,"href":"https:\/\/diariodominicano.com\/index.php?rest_route=%2Fwp%2Fv2%2Fcomments&post=162529"}],"version-history":[{"count":0,"href":"https:\/\/diariodominicano.com\/index.php?rest_route=\/wp\/v2\/posts\/162529\/revisions"}],"wp:attachment":[{"href":"https:\/\/diariodominicano.com\/index.php?rest_route=%2Fwp%2Fv2%2Fmedia&parent=162529"}],"wp:term":[{"taxonomy":"category","embeddable":true,"href":"https:\/\/diariodominicano.com\/index.php?rest_route=%2Fwp%2Fv2%2Fcategories&post=162529"},{"taxonomy":"post_tag","embeddable":true,"href":"https:\/\/diariodominicano.com\/index.php?rest_route=%2Fwp%2Fv2%2Ftags&post=162529"}],"curies":[{"name":"wp","href":"https:\/\/api.w.org\/{rel}","templated":true}]}}