{"id":162527,"date":"2014-08-03T16:15:27","date_gmt":"2014-08-03T16:15:27","guid":{"rendered":"http:\/\/diariodominicano.ddns.net\/?p=162527"},"modified":"2014-08-03T16:15:27","modified_gmt":"2014-08-03T16:15:27","slug":"vaticinan-podria-surgir-un-tercer-polo-politico-encabezado-por-alianza-pais","status":"publish","type":"post","link":"https:\/\/diariodominicano.com\/?p=162527","title":{"rendered":"Vaticinan podr\u00eda surgir un tercer polo pol\u00edtico encabezado por Alianza Pa\u00eds"},"content":{"rendered":"<p><body><\/p>\n<p><img decoding=\"async\" src=\"img3\/pais.jpg\" \/>  <\/p>\n<p><span class=\"text1noticias\">New York, EE. UU. 3 de Agosto.-El polit\u00f3logo y escritor dominicano, Dario Tejeda vaticin\u00f3 que un tercer polo pol\u00edtico podr\u00eda surgir en el panorama dominicano encabezado por Alianza Pa\u00eds.<\/span><\/p>\n<\/p>\n<p><span class=\"text1noticias\">Durante su exposici\u00f3n explic\u00f3 que dividir\u00eda en dos los polos pol\u00edticos principales en el escenario dominicano en los actuales momentos, el primero encabezado por el Partido de la Liberaci\u00f3n Dominicana PLD y sus diversos sectores aliados y el polo principal de la oposici\u00f3n, el PRD, mayoritario con la convergencia proyectada .<\/span><\/p>\n<\/p>\n<p><span class=\"text1noticias\">Tejada precis\u00f3 que un tercer polo pol\u00edtico podr\u00eda conformarse dentro de los cuales estar\u00eda Alianza Pa\u00eds y otras fuerzas que no est\u00e1n entre los dos grandes polos, como Eduardo Estrella, Max Puig y otras instituciones ciudadanas .<\/span><\/p>\n<\/p>\n<p><span class=\"text1noticias\">Asegur\u00f3 que una posible candidatura del expresidente Leonel Fern\u00e1ndez, para las pr\u00f3ximas elecciones generales del 2016, podr\u00eda ser muy riesgosa para el Partido de la Liberaci\u00f3n Dominicana por la gran tasa de rechazo y baja popularidad.<\/span><\/p>\n<\/p>\n<p><span class=\"text1noticias\">Afirm\u00f3 que esa posible candidatura del presidente del PLD, encontrar\u00eda la resistencia de un sector danilista muy importante que no votar\u00eda por Leonel Fern\u00e1ndez, y que hay que tomarlo en cuenta como una gran dificultad para la organizaci\u00f3n morada .<\/span><\/p>\n<\/p>\n<p><span class=\"text1noticias\">Precis\u00f3 el polit\u00f3logo y escritor dominicano que si Leonel Fern\u00e1ndez y Danilo Medina, no se presentan como candidatos para las elecciones del 2016, en ese escenario triunfar\u00edan los danilistas porque Leonel, no tienes posibilidades  de imponer otro candidato de su sector que no seas el. <\/span><\/p>\n<\/p>\n<p><span class=\"text1noticias\">Dijo que el surgimiento de una tercera figura como candidato del partido morado significar\u00eda el triunfo de esa organizaci\u00f3n , del danilismo y de paso se llevar\u00eda a Miguel Vargas Maldonado, que es un aliado, lo que implicar\u00eda la sexta victoria de la entidad pol\u00edtica sin el poder\u00edo de Leonel Fern\u00e1ndez.<\/span><\/p>\n<\/p>\n<p><span class=\"text1noticias\">Afirm\u00f3 que ese ser\u00eda el escenario pol\u00edtico ideal de los danilistas y que esa tercera figura tendr\u00eda que ser danilista y no es verdad que Leonel Fern\u00e1ndez y su gente van ha aceptar esa situaci\u00f3n porque conllevar\u00eda su liquidaci\u00f3n pol\u00edtica.(HG)<\/span>.<\/p>\n<h6> 2014-08-03 16:15:27 <\/h6>\n<p><!--\n<link rel=\"stylesheet\" href=\"css\/bootstrap.min.css\">\n\n\n<ul class=\"pagination\">\n\t    \n\t\n\n<li >\n\t<a href='?page_no=14923'>Previous<\/a>\n\t<\/li>\n\n\n       \n    \n\n<li><a href='?page_no=1'>1<\/a><\/li>\n\n\n\n<li><a href='?page_no=2'>2<\/a><\/li>\n\n\n\n<li><a>...<\/a><\/li>\n\n\n\n<li><a href='?page_no=14922'>14922<\/a><\/li>\n\n\n\n<li><a href='?page_no=14923'>14923<\/a><\/li>\n\n\n\n<li class='active'><a>14924<\/a><\/li>\n\n\n\n<li><a href='?page_no=14925'>14925<\/a><\/li>\n\n\n\n<li><a href='?page_no=14926'>14926<\/a><\/li>\n\n\n\n<li><a>...<\/a><\/li>\n\n\n\n<li><a href='?page_no=36999'>36999<\/a><\/li>\n\n\n\n<li><a href='?page_no=37000'>37000<\/a><\/li>\n\n    \n\t\n\n<li >\n\t<a href='?page_no=14925'>Next<\/a>\n\t<\/li>\n\n\n    \n\n<li><a href='?page_no=37000'>Last &rsaquo;&rsaquo;<\/a><\/li>\n\n<\/ul>\n\n\n--><br \/>\n<\/body><\/p>\n","protected":false},"excerpt":{"rendered":"<p>New York, EE. UU. 3 de Agosto.-El polit\u00f3logo y escritor dominicano, Dario Tejeda vaticin\u00f3 que un tercer polo pol\u00edtico podr\u00eda surgir en el panorama dominicano encabezado por Alianza Pa\u00eds. Durante su exposici\u00f3n explic\u00f3 que dividir\u00eda en dos los polos pol\u00edticos principales en el escenario dominicano en los actuales momentos, el primero encabezado por el Partido [&hellip;]<\/p>\n","protected":false},"author":3,"featured_media":0,"comment_status":"open","ping_status":"open","sticky":false,"template":"","format":"standard","meta":{"footnotes":""},"categories":[22],"tags":[],"class_list":["post-162527","post","type-post","status-publish","format-standard","hentry","category-politica"],"_links":{"self":[{"href":"https:\/\/diariodominicano.com\/index.php?rest_route=\/wp\/v2\/posts\/162527","targetHints":{"allow":["GET"]}}],"collection":[{"href":"https:\/\/diariodominicano.com\/index.php?rest_route=\/wp\/v2\/posts"}],"about":[{"href":"https:\/\/diariodominicano.com\/index.php?rest_route=\/wp\/v2\/types\/post"}],"author":[{"embeddable":true,"href":"https:\/\/diariodominicano.com\/index.php?rest_route=\/wp\/v2\/users\/3"}],"replies":[{"embeddable":true,"href":"https:\/\/diariodominicano.com\/index.php?rest_route=%2Fwp%2Fv2%2Fcomments&post=162527"}],"version-history":[{"count":0,"href":"https:\/\/diariodominicano.com\/index.php?rest_route=\/wp\/v2\/posts\/162527\/revisions"}],"wp:attachment":[{"href":"https:\/\/diariodominicano.com\/index.php?rest_route=%2Fwp%2Fv2%2Fmedia&parent=162527"}],"wp:term":[{"taxonomy":"category","embeddable":true,"href":"https:\/\/diariodominicano.com\/index.php?rest_route=%2Fwp%2Fv2%2Fcategories&post=162527"},{"taxonomy":"post_tag","embeddable":true,"href":"https:\/\/diariodominicano.com\/index.php?rest_route=%2Fwp%2Fv2%2Ftags&post=162527"}],"curies":[{"name":"wp","href":"https:\/\/api.w.org\/{rel}","templated":true}]}}