{"id":162526,"date":"2014-08-03T16:23:41","date_gmt":"2014-08-03T16:23:41","guid":{"rendered":"http:\/\/diariodominicano.ddns.net\/?p=162526"},"modified":"2014-08-03T16:23:41","modified_gmt":"2014-08-03T16:23:41","slug":"francisco-javier-exhorta-a-los-peledeistas-a-no-dejarse-confundir-2","status":"publish","type":"post","link":"https:\/\/diariodominicano.com\/?p=162526","title":{"rendered":"Francisco Javier exhorta a los peledeistas a no dejarse confundir"},"content":{"rendered":"<p><body><\/p>\n<p><img decoding=\"async\" src=\"img3\/frankja00.jpg\" \/>  <\/p>\n<p><span class=\"text1noticias\">PEDRO BRAND, Santo Domingo Oeste.-El aspirante a la nominaci\u00f3n presidencial del Partido de la Liberaci\u00f3n Dominicana, Francisco Javier, exhort\u00f3 a la base peledeista a no llevarse de canto de sirena, de si hay viento o va a llover, porque el candidato a la presidencia por el partido fundado por Juan Bosch ser\u00e1 \u00e9l en el 2016.<\/span><\/p>\n<\/p>\n<p><span class=\"text1noticias\">\u00abAguaceros nublados no mojan\u00bb, dijo Francisco Javier, al encabezar un recorrido en el municipio de Pedro Brand, Santo Domingo Oeste, de cientos de miembros y dirigentes del PLD que apoyan sus aspiraciones, as\u00ed como representantes de diferentes sectores que le han manifestado su respaldo.<\/span><\/p>\n<\/p>\n<p><span class=\"text1noticias\">Sostuvo que en su gobierno llevar\u00e1 el progreso a los barrios pobres, y los va a intervenir con obras de infraestructura.<\/span><\/p>\n<\/p>\n<p><span class=\"text1noticias\">Francisco Javier, insisti\u00f3 en que en su gobierno, tambi\u00e9n, transformar\u00e1 el rostro de la base y miembros del PLD.<\/span><\/p>\n<\/p>\n<p><span class=\"text1noticias\">El precandidato presidencial del partido morado, recorri\u00f3 los sectores La Gu\u00e1yiga y Los Farallones, del municipio Pedro Brand, en Santo Domingo Oeste, en campa\u00f1a pol\u00edtica, buscando apoyo para ganar las elecciones internas del PLD, y ganar los comicios del a\u00f1o 2016.<\/span><\/p>\n<\/p>\n<p><span class=\"text1noticias\">Durante su recorrido, Francisco Javier recibi\u00f3 el respaldo de cientos de hombres y mujeres del partido morado que apoyan sus aspiraciones para que sea el candidato presidencial peledeista para las elecciones del 2016.<\/span><\/p>\n<\/p>\n<p><span class=\"text1noticias\">Francisco Javier suspende actividades ante el paso de la tormenta Bertha<\/span><\/p>\n<\/p>\n<p><span class=\"text1noticias\">El aspirante a la nominaci\u00f3n presidencial por el Partido de la Liberaci\u00f3n Dominicana, Francisco Javier, anunci\u00f3 la suspensi\u00f3n de todas sus actividades pol\u00edticas, motivado por el inminente paso de la tormenta Bertha por el territorio nacional.<\/span><\/p>\n<\/p>\n<p><span class=\"text1noticias\">Francisco Javier exhort\u00f3 a la militancia del PLD y a todos sus seguidores, a sumarse a los operativos de socorro a familias que puedan ser afectadas por el paso de la tormenta Bertha, que organizan las autoridades del Centro de Operaciones de Emergencia (COE).<\/span><\/p>\n<\/p>\n<p><span class=\"text1noticias\">Francisco Javier suspendi\u00f3 la juramentaci\u00f3n de los comandos de campa\u00f1a de San Crist\u00f3bal, Bani y San Jos\u00e9 de Ocoa, que ten\u00eda previsto realizar este domingo 3 de agosto del 2014, en San Crist\u00f3bal.<\/span><\/p>\n<\/p>\n<\/p>\n<h6> 2014-08-03 16:23:41 <\/h6>\n<p><!--\n<link rel=\"stylesheet\" href=\"css\/bootstrap.min.css\">\n\n\n<ul class=\"pagination\">\n\t    \n\t\n\n<li >\n\t<a href='?page_no=14922'>Previous<\/a>\n\t<\/li>\n\n\n       \n    \n\n<li><a href='?page_no=1'>1<\/a><\/li>\n\n\n\n<li><a href='?page_no=2'>2<\/a><\/li>\n\n\n\n<li><a>...<\/a><\/li>\n\n\n\n<li><a href='?page_no=14921'>14921<\/a><\/li>\n\n\n\n<li><a href='?page_no=14922'>14922<\/a><\/li>\n\n\n\n<li class='active'><a>14923<\/a><\/li>\n\n\n\n<li><a href='?page_no=14924'>14924<\/a><\/li>\n\n\n\n<li><a href='?page_no=14925'>14925<\/a><\/li>\n\n\n\n<li><a>...<\/a><\/li>\n\n\n\n<li><a href='?page_no=36999'>36999<\/a><\/li>\n\n\n\n<li><a href='?page_no=37000'>37000<\/a><\/li>\n\n    \n\t\n\n<li >\n\t<a href='?page_no=14924'>Next<\/a>\n\t<\/li>\n\n\n    \n\n<li><a href='?page_no=37000'>Last &rsaquo;&rsaquo;<\/a><\/li>\n\n<\/ul>\n\n\n--><br \/>\n<\/body><\/p>\n","protected":false},"excerpt":{"rendered":"<p>PEDRO BRAND, Santo Domingo Oeste.-El aspirante a la nominaci\u00f3n presidencial del Partido de la Liberaci\u00f3n Dominicana, Francisco Javier, exhort\u00f3 a la base peledeista a no llevarse de canto de sirena, de si hay viento o va a llover, porque el candidato a la presidencia por el partido fundado por Juan Bosch ser\u00e1 \u00e9l en el [&hellip;]<\/p>\n","protected":false},"author":3,"featured_media":0,"comment_status":"open","ping_status":"open","sticky":false,"template":"","format":"standard","meta":{"footnotes":""},"categories":[22],"tags":[],"class_list":["post-162526","post","type-post","status-publish","format-standard","hentry","category-politica"],"_links":{"self":[{"href":"https:\/\/diariodominicano.com\/index.php?rest_route=\/wp\/v2\/posts\/162526","targetHints":{"allow":["GET"]}}],"collection":[{"href":"https:\/\/diariodominicano.com\/index.php?rest_route=\/wp\/v2\/posts"}],"about":[{"href":"https:\/\/diariodominicano.com\/index.php?rest_route=\/wp\/v2\/types\/post"}],"author":[{"embeddable":true,"href":"https:\/\/diariodominicano.com\/index.php?rest_route=\/wp\/v2\/users\/3"}],"replies":[{"embeddable":true,"href":"https:\/\/diariodominicano.com\/index.php?rest_route=%2Fwp%2Fv2%2Fcomments&post=162526"}],"version-history":[{"count":0,"href":"https:\/\/diariodominicano.com\/index.php?rest_route=\/wp\/v2\/posts\/162526\/revisions"}],"wp:attachment":[{"href":"https:\/\/diariodominicano.com\/index.php?rest_route=%2Fwp%2Fv2%2Fmedia&parent=162526"}],"wp:term":[{"taxonomy":"category","embeddable":true,"href":"https:\/\/diariodominicano.com\/index.php?rest_route=%2Fwp%2Fv2%2Fcategories&post=162526"},{"taxonomy":"post_tag","embeddable":true,"href":"https:\/\/diariodominicano.com\/index.php?rest_route=%2Fwp%2Fv2%2Ftags&post=162526"}],"curies":[{"name":"wp","href":"https:\/\/api.w.org\/{rel}","templated":true}]}}