{"id":162525,"date":"2014-08-03T16:35:54","date_gmt":"2014-08-03T16:35:54","guid":{"rendered":"http:\/\/diariodominicano.ddns.net\/?p=162525"},"modified":"2014-08-03T16:35:54","modified_gmt":"2014-08-03T16:35:54","slug":"director-de-conavihsida-favorece-cristina-lizardo-y-lucia-medina-asuman-direccion-del-congreso","status":"publish","type":"post","link":"https:\/\/diariodominicano.com\/?p=162525","title":{"rendered":"Director de Conavihsida favorece Cristina Lizardo y Luc\u00eda Medina asuman direcci\u00f3n del Congreso"},"content":{"rendered":"<p><body><\/p>\n<p><img decoding=\"async\" src=\"img3\/mujeres 3.jpg\" \/><br \/><img decoding=\"async\" src=\"img3\/terrero 3.jpg\" \/>  <\/p>\n<p>Santo Domingo, RD 3 agosto (EFE).- El director ejecutivo de Conavihsida V\u00edctor Terrero pidi\u00f3 al Partido de la Liberaci\u00f3n Dominicana (PLD) que postule a Cristina Lizardo y Luc\u00eda Medina a las presidencias del Senado y la C\u00e1mara de Diputados, para poner en agenda del Congreso Nacional de inmediato los temas que favorecen a la mujer.<\/p>\n<\/p>\n<p>\u00abEs inaplazable situar en la agenda de las prioridades los temas de derechos humanos, salud reproductiva y empoderamiento de la mujer, y poner el Congreso a tono con la nueva realidad internacional\u00bb, indic\u00f3 el funcionario en nota de prensa.<\/p>\n<\/p>\n<p>Entre los temas pendientes de discusi\u00f3n, Terrero cit\u00f3 el embarazo en adolescentes, la salud de la mujer, la violencia intrafamiliar y el mejoramiento de las condiciones para que la mujer acceda a los sistemas educativos.<\/p>\n<\/p>\n<p>Expres\u00f3 que los \u00edndices del desarrollo humano se miden hoy en d\u00eda por la presencia de la mujer en los organismos de decisi\u00f3n pol\u00edtica y social, y por las acciones que impulsan las naciones para mejorar su condici\u00f3n.<\/p>\n<\/p>\n<p>El director ejecutivo de Conavihsida dijo que tanto Medina como Lizardo han demostrado la capacidad y la sensibilidad necesarias para conducir las c\u00e1maras legislativas en un periodo en que los temas del desarrollo se han convertido en el centro de atenci\u00f3n internacional.<\/p>\n<\/p>\n<p>\u00abLas legisladoras Cristina Lizardo y Luc\u00eda Medina han demostrado capacidad y sensibilidad para abordar los temas que afectan a la sociedad, y ha llegado el momento de situarlas en el lugar que, con su lucha, esfuerzo y dedicaci\u00f3n, se han ganado\u00bb, dijo el exdiputado Terrero.<\/p>\n<\/p>\n<h6> 2014-08-03 16:35:54 <\/h6>\n<p><!--\n<link rel=\"stylesheet\" href=\"css\/bootstrap.min.css\">\n\n\n<ul class=\"pagination\">\n\t    \n\t\n\n<li >\n\t<a href='?page_no=14921'>Previous<\/a>\n\t<\/li>\n\n\n       \n    \n\n<li><a href='?page_no=1'>1<\/a><\/li>\n\n\n\n<li><a href='?page_no=2'>2<\/a><\/li>\n\n\n\n<li><a>...<\/a><\/li>\n\n\n\n<li><a href='?page_no=14920'>14920<\/a><\/li>\n\n\n\n<li><a href='?page_no=14921'>14921<\/a><\/li>\n\n\n\n<li class='active'><a>14922<\/a><\/li>\n\n\n\n<li><a href='?page_no=14923'>14923<\/a><\/li>\n\n\n\n<li><a href='?page_no=14924'>14924<\/a><\/li>\n\n\n\n<li><a>...<\/a><\/li>\n\n\n\n<li><a href='?page_no=36999'>36999<\/a><\/li>\n\n\n\n<li><a href='?page_no=37000'>37000<\/a><\/li>\n\n    \n\t\n\n<li >\n\t<a href='?page_no=14923'>Next<\/a>\n\t<\/li>\n\n\n    \n\n<li><a href='?page_no=37000'>Last &rsaquo;&rsaquo;<\/a><\/li>\n\n<\/ul>\n\n\n--><br \/>\n<\/body><\/p>\n","protected":false},"excerpt":{"rendered":"<p>Santo Domingo, RD 3 agosto (EFE).- El director ejecutivo de Conavihsida V\u00edctor Terrero pidi\u00f3 al Partido de la Liberaci\u00f3n Dominicana (PLD) que postule a Cristina Lizardo y Luc\u00eda Medina a las presidencias del Senado y la C\u00e1mara de Diputados, para poner en agenda del Congreso Nacional de inmediato los temas que favorecen a la mujer. [&hellip;]<\/p>\n","protected":false},"author":3,"featured_media":0,"comment_status":"open","ping_status":"open","sticky":false,"template":"","format":"standard","meta":{"footnotes":""},"categories":[22],"tags":[],"class_list":["post-162525","post","type-post","status-publish","format-standard","hentry","category-politica"],"_links":{"self":[{"href":"https:\/\/diariodominicano.com\/index.php?rest_route=\/wp\/v2\/posts\/162525","targetHints":{"allow":["GET"]}}],"collection":[{"href":"https:\/\/diariodominicano.com\/index.php?rest_route=\/wp\/v2\/posts"}],"about":[{"href":"https:\/\/diariodominicano.com\/index.php?rest_route=\/wp\/v2\/types\/post"}],"author":[{"embeddable":true,"href":"https:\/\/diariodominicano.com\/index.php?rest_route=\/wp\/v2\/users\/3"}],"replies":[{"embeddable":true,"href":"https:\/\/diariodominicano.com\/index.php?rest_route=%2Fwp%2Fv2%2Fcomments&post=162525"}],"version-history":[{"count":0,"href":"https:\/\/diariodominicano.com\/index.php?rest_route=\/wp\/v2\/posts\/162525\/revisions"}],"wp:attachment":[{"href":"https:\/\/diariodominicano.com\/index.php?rest_route=%2Fwp%2Fv2%2Fmedia&parent=162525"}],"wp:term":[{"taxonomy":"category","embeddable":true,"href":"https:\/\/diariodominicano.com\/index.php?rest_route=%2Fwp%2Fv2%2Fcategories&post=162525"},{"taxonomy":"post_tag","embeddable":true,"href":"https:\/\/diariodominicano.com\/index.php?rest_route=%2Fwp%2Fv2%2Ftags&post=162525"}],"curies":[{"name":"wp","href":"https:\/\/api.w.org\/{rel}","templated":true}]}}