{"id":162524,"date":"2014-08-03T16:43:33","date_gmt":"2014-08-03T16:43:33","guid":{"rendered":"http:\/\/diariodominicano.ddns.net\/?p=162524"},"modified":"2014-08-03T16:43:33","modified_gmt":"2014-08-03T16:43:33","slug":"convocatoria-del-cp-del-pld-es-para-la-noche-de-este-lunes-a-las-800-pm","status":"publish","type":"post","link":"https:\/\/diariodominicano.com\/?p=162524","title":{"rendered":"Convocatoria del CP del PLD es para la noche de este lunes a las 8:00 PM"},"content":{"rendered":"<p><body><\/p>\n<p><img decoding=\"async\" src=\"img3\/comesolos.jpg\" \/>  <\/p>\n<p><span class=\"text1noticias\">Santo Domingo, RD, 2 de Agosto.-El Partido de la Liberaci\u00f3n Dominicana (PLD), reitera en un despacho de prensa que este lunes, 4 de agosto,  se reunir\u00e1 el Comit\u00e9 Pol\u00edtico de esa organizaci\u00f3n, para entre otros temas, conocer de las propuestas para conformar los bufetes directivos de la C\u00e1mara de Diputados y el Senado de la Rep\u00fablica.<\/span><\/p>\n<\/p>\n<p><span class=\"text1noticias\">El despacho de la Secretar\u00eda de Comunicaciones precisa que la reuni\u00f3n se desarrollar\u00e1 en el sal\u00f3n Profesor Juan Bosch de la Oficina Presidencial del PLD, ubicada en la calle Doctor Pi\u00f1eyro 158 de la zona universitaria a partir de las ocho de la noche.<\/span><\/p>\n<\/p>\n<p><span class=\"text1noticias\">En la semana que concluye, Reinaldo Pared P\u00e9rez, secretario general pelede\u00edsta confirm\u00f3 de la convocatoria la que se realiza desde la Secretar\u00eda General, al recibirse la disposici\u00f3n de la presidencia del Partido<\/span><\/p>\n<\/p>\n<p><span class=\"text1noticias\">La propuesta a los plenarios del Congreso de la Republica para conformar sus bufetes directivos es  una facultad estatutaria del Comit\u00e9 Pol\u00edtico del PLD, estamento que  dirige la pol\u00edtica a seguir para sus congresistas.<\/span><\/p>\n<\/p>\n<p><span class=\"text1noticias\">En las anteriores recomendaciones se han presentado las propuestas para la Presidencia y vicepresidencia y se deja la elecci\u00f3n de los secretarios o secretarias para que los congresistas los elijan, as\u00ed como el vocero de la bancada pelede\u00edsta para el periodo correspondiente.<\/span><\/p>\n<\/p>\n<p><span class=\"text1noticias\">En su m\u00e1s reciente reuni\u00f3n el Comit\u00e9 Pol\u00edtico design\u00f3 siete comisiones para redactar las normativas y reglamentos para aplicar las diferentes resoluciones del VIII Congreso Ordinario Comandante Norge Botello, comisiones que han concluido sus encomiendas y se disponen a presentar sus informes al Comit\u00e9 Pol\u00edtico en la reuni\u00f3n ordinaria de este lunes.<\/span><\/p>\n<\/p>\n<p><span class=\"text1noticias\">La matricula del Comit\u00e9 Pol\u00edtico del PLD la componen 35 miembros encabezados por el Presidente de la organizaci\u00f3n, Leonel Fern\u00e1ndez, el secretario general, Reinaldo Pared P\u00e9rez al igual que el Presidente de la Republica, Danilo Medina y la vicepresidenta, Margarita Cede\u00f1o de Fern\u00e1ndez.<\/span><\/p>\n<\/p>\n<p><span class=\"text1noticias\">Las reuniones del Comit\u00e9 Pol\u00edtico se realizan a puertas cerradas en la que solo participan los miembros del organismo, al final, en rueda de prensa, se da cuenta de los temas tratados y las conclusiones a las que se arribe.(HG)<\/span>.  <\/p>\n<h6> 2014-08-03 16:43:33 <\/h6>\n<p><!--\n<link rel=\"stylesheet\" href=\"css\/bootstrap.min.css\">\n\n\n<ul class=\"pagination\">\n\t    \n\t\n\n<li >\n\t<a href='?page_no=14920'>Previous<\/a>\n\t<\/li>\n\n\n       \n    \n\n<li><a href='?page_no=1'>1<\/a><\/li>\n\n\n\n<li><a href='?page_no=2'>2<\/a><\/li>\n\n\n\n<li><a>...<\/a><\/li>\n\n\n\n<li><a href='?page_no=14919'>14919<\/a><\/li>\n\n\n\n<li><a href='?page_no=14920'>14920<\/a><\/li>\n\n\n\n<li class='active'><a>14921<\/a><\/li>\n\n\n\n<li><a href='?page_no=14922'>14922<\/a><\/li>\n\n\n\n<li><a href='?page_no=14923'>14923<\/a><\/li>\n\n\n\n<li><a>...<\/a><\/li>\n\n\n\n<li><a href='?page_no=36999'>36999<\/a><\/li>\n\n\n\n<li><a href='?page_no=37000'>37000<\/a><\/li>\n\n    \n\t\n\n<li >\n\t<a href='?page_no=14922'>Next<\/a>\n\t<\/li>\n\n\n    \n\n<li><a href='?page_no=37000'>Last &rsaquo;&rsaquo;<\/a><\/li>\n\n<\/ul>\n\n\n--><br \/>\n<\/body><\/p>\n","protected":false},"excerpt":{"rendered":"<p>Santo Domingo, RD, 2 de Agosto.-El Partido de la Liberaci\u00f3n Dominicana (PLD), reitera en un despacho de prensa que este lunes, 4 de agosto, se reunir\u00e1 el Comit\u00e9 Pol\u00edtico de esa organizaci\u00f3n, para entre otros temas, conocer de las propuestas para conformar los bufetes directivos de la C\u00e1mara de Diputados y el Senado de la [&hellip;]<\/p>\n","protected":false},"author":3,"featured_media":0,"comment_status":"open","ping_status":"open","sticky":false,"template":"","format":"standard","meta":{"footnotes":""},"categories":[22],"tags":[],"class_list":["post-162524","post","type-post","status-publish","format-standard","hentry","category-politica"],"_links":{"self":[{"href":"https:\/\/diariodominicano.com\/index.php?rest_route=\/wp\/v2\/posts\/162524","targetHints":{"allow":["GET"]}}],"collection":[{"href":"https:\/\/diariodominicano.com\/index.php?rest_route=\/wp\/v2\/posts"}],"about":[{"href":"https:\/\/diariodominicano.com\/index.php?rest_route=\/wp\/v2\/types\/post"}],"author":[{"embeddable":true,"href":"https:\/\/diariodominicano.com\/index.php?rest_route=\/wp\/v2\/users\/3"}],"replies":[{"embeddable":true,"href":"https:\/\/diariodominicano.com\/index.php?rest_route=%2Fwp%2Fv2%2Fcomments&post=162524"}],"version-history":[{"count":0,"href":"https:\/\/diariodominicano.com\/index.php?rest_route=\/wp\/v2\/posts\/162524\/revisions"}],"wp:attachment":[{"href":"https:\/\/diariodominicano.com\/index.php?rest_route=%2Fwp%2Fv2%2Fmedia&parent=162524"}],"wp:term":[{"taxonomy":"category","embeddable":true,"href":"https:\/\/diariodominicano.com\/index.php?rest_route=%2Fwp%2Fv2%2Fcategories&post=162524"},{"taxonomy":"post_tag","embeddable":true,"href":"https:\/\/diariodominicano.com\/index.php?rest_route=%2Fwp%2Fv2%2Ftags&post=162524"}],"curies":[{"name":"wp","href":"https:\/\/api.w.org\/{rel}","templated":true}]}}