{"id":162523,"date":"2014-08-03T17:07:09","date_gmt":"2014-08-03T17:07:09","guid":{"rendered":"http:\/\/diariodominicano.ddns.net\/?p=162523"},"modified":"2014-08-03T17:07:09","modified_gmt":"2014-08-03T17:07:09","slug":"subdirector-digepres-valora-exitos-dm-al-arribar-a-2-anos-de-gestion","status":"publish","type":"post","link":"https:\/\/diariodominicano.com\/?p=162523","title":{"rendered":"Subdirector DIGEPRES valora \u00e9xitos DM al arribar a 2 a\u00f1os de gesti\u00f3n"},"content":{"rendered":"<p><body><\/p>\n<p><img decoding=\"async\" src=\"img3\/funcionario 3.jpg\" \/>  <\/p>\n<p>Subdirector DIGEPRES valora \u00e9xitos DM al arribar a 2 a\u00f1os de gesti\u00f3n<\/p>\n<\/p>\n<p>El subdirector General de Presupuesto (DIGEPRES) dijo que al arribar a su segundo a\u00f1o de gesti\u00f3n el gobierno del presidente Danilo Medina y el PLD han alcanzado logros importantes que le han merecido el justo reconocimiento de distintos sectores del pa\u00eds.<\/p>\n<\/p>\n<p>Orlando Pe\u00f1a Mancebo resalt\u00f3 los avances en educaci\u00f3n, en materia econ\u00f3mica y en producci\u00f3n, logros que se han traducido en una mejor y mayor calidad de vida de la poblaci\u00f3n, sobre todo la de menores ingresos.<\/p>\n<\/p>\n<p>Trajo a colaci\u00f3n el estudio realizado por el Ministerio de Educaci\u00f3n, Planificaci\u00f3n y Desarrollo que d\u00e1 cuenta de la reducci\u00f3n de un  42.2% en el a\u00f1o 2012, a un 36.2% a marzo del 2014.<\/p>\n<\/p>\n<p>Apunta que el hecho de que se lograra que  unas 534 mil 139 personas est\u00e9n fuera de esta condici\u00f3n y 240 mil 205 salieran de la pobreza extrema, muestra de manera tangible el resultado de una administraci\u00f3n que piensa en los m\u00e1s necesitados y en el desarrollo de la naci\u00f3n.<\/p>\n<\/p>\n<p>Esto ha sido posible?agrega?por las pol\u00edticas aplicadas por el gobierno de Medina para mejorar el ingreso real de la gente y crear fuentes de trabajo. <\/p>\n<\/p>\n<p>El subdirector de la DIGEPRES puso \u00e9nfasis tambi\u00e9n la revoluci\u00f3n que vive  la educaci\u00f3n dominicana tras la aprobaci\u00f3n del 4% para la educaci\u00f3n.<\/p>\n<\/p>\n<p>Al respecto, cit\u00f3 la acelerada construcci\u00f3n de aulas y la ejecuci\u00f3n de programas como la jornada extendida y el Plan Nacional de Alfabetizaci\u00f3n Quisqueya Aprende Contigo, que procura reducir el \u00edndice de analfabetismo del 9.7% en el 2012, al 4% este a\u00f1o  2014 y al 3.5% en el 2016,<\/p>\n<\/p>\n<p>Asimismo, valor\u00f3 los esfuerzos por sanear y reencauzar la econom\u00eda, lo que ha permitido bajar en un solo a\u00f1o del 8% al 2,6% el  d\u00e9ficit del PIB, lo que es considerado una haza\u00f1a extraordinaria\u00a8 Y vale recordar?a\u00f1adi\u00f3?el compromiso, la intenci\u00f3n del presidente Medina de dejar el d\u00e9ficit fiscal en un 1.5 %, al t\u00e9rmino de su mandato, con el manejo prudente de la econom\u00eda.<\/p>\n<\/p>\n<p>Otro aspecto que destaca es el impacto generado en la poblaci\u00f3n con las visitas sorpresa del mandatario a diferentes lugares del pa\u00eds, el contacto directo con sectores productivos de menos ingresos y los aportes financieros para impulsar variados proyectos tanto en la agropecuaria como en la peque\u00f1a y mediana empresa.<\/p>\n<\/p>\n<p>Pe\u00f1a Mancebo aprecia que por los m\u00e9ritos y las acciones en casi dos a\u00f1os de gesti\u00f3n,  el presidente Medina se ha ganado con creces la confianza de los distintos sectores de la poblaci\u00f3n, que lo han recompensado con una enorme  popularidad a todos los niveles.<\/p>\n<\/p>\n<h6> 2014-08-03 17:07:09 <\/h6>\n<p><!--\n<link rel=\"stylesheet\" href=\"css\/bootstrap.min.css\">\n\n\n<ul class=\"pagination\">\n\t    \n\t\n\n<li >\n\t<a href='?page_no=14919'>Previous<\/a>\n\t<\/li>\n\n\n       \n    \n\n<li><a href='?page_no=1'>1<\/a><\/li>\n\n\n\n<li><a href='?page_no=2'>2<\/a><\/li>\n\n\n\n<li><a>...<\/a><\/li>\n\n\n\n<li><a href='?page_no=14918'>14918<\/a><\/li>\n\n\n\n<li><a href='?page_no=14919'>14919<\/a><\/li>\n\n\n\n<li class='active'><a>14920<\/a><\/li>\n\n\n\n<li><a href='?page_no=14921'>14921<\/a><\/li>\n\n\n\n<li><a href='?page_no=14922'>14922<\/a><\/li>\n\n\n\n<li><a>...<\/a><\/li>\n\n\n\n<li><a href='?page_no=36999'>36999<\/a><\/li>\n\n\n\n<li><a href='?page_no=37000'>37000<\/a><\/li>\n\n    \n\t\n\n<li >\n\t<a href='?page_no=14921'>Next<\/a>\n\t<\/li>\n\n\n    \n\n<li><a href='?page_no=37000'>Last &rsaquo;&rsaquo;<\/a><\/li>\n\n<\/ul>\n\n\n--><br \/>\n<\/body><\/p>\n","protected":false},"excerpt":{"rendered":"<p>Subdirector DIGEPRES valora \u00e9xitos DM al arribar a 2 a\u00f1os de gesti\u00f3n El subdirector General de Presupuesto (DIGEPRES) dijo que al arribar a su segundo a\u00f1o de gesti\u00f3n el gobierno del presidente Danilo Medina y el PLD han alcanzado logros importantes que le han merecido el justo reconocimiento de distintos sectores del pa\u00eds. Orlando Pe\u00f1a [&hellip;]<\/p>\n","protected":false},"author":3,"featured_media":0,"comment_status":"open","ping_status":"open","sticky":false,"template":"","format":"standard","meta":{"footnotes":""},"categories":[22],"tags":[],"class_list":["post-162523","post","type-post","status-publish","format-standard","hentry","category-politica"],"_links":{"self":[{"href":"https:\/\/diariodominicano.com\/index.php?rest_route=\/wp\/v2\/posts\/162523","targetHints":{"allow":["GET"]}}],"collection":[{"href":"https:\/\/diariodominicano.com\/index.php?rest_route=\/wp\/v2\/posts"}],"about":[{"href":"https:\/\/diariodominicano.com\/index.php?rest_route=\/wp\/v2\/types\/post"}],"author":[{"embeddable":true,"href":"https:\/\/diariodominicano.com\/index.php?rest_route=\/wp\/v2\/users\/3"}],"replies":[{"embeddable":true,"href":"https:\/\/diariodominicano.com\/index.php?rest_route=%2Fwp%2Fv2%2Fcomments&post=162523"}],"version-history":[{"count":0,"href":"https:\/\/diariodominicano.com\/index.php?rest_route=\/wp\/v2\/posts\/162523\/revisions"}],"wp:attachment":[{"href":"https:\/\/diariodominicano.com\/index.php?rest_route=%2Fwp%2Fv2%2Fmedia&parent=162523"}],"wp:term":[{"taxonomy":"category","embeddable":true,"href":"https:\/\/diariodominicano.com\/index.php?rest_route=%2Fwp%2Fv2%2Fcategories&post=162523"},{"taxonomy":"post_tag","embeddable":true,"href":"https:\/\/diariodominicano.com\/index.php?rest_route=%2Fwp%2Fv2%2Ftags&post=162523"}],"curies":[{"name":"wp","href":"https:\/\/api.w.org\/{rel}","templated":true}]}}