{"id":162521,"date":"2014-08-03T17:10:26","date_gmt":"2014-08-03T17:10:26","guid":{"rendered":"http:\/\/diariodominicano.ddns.net\/?p=162521"},"modified":"2014-08-03T17:10:26","modified_gmt":"2014-08-03T17:10:26","slug":"montas-encabezara-este-domingo-gran-encuentro-de-dirigentes-pld-en-la-capital","status":"publish","type":"post","link":"https:\/\/diariodominicano.com\/?p=162521","title":{"rendered":"Mont\u00e1s encabezar\u00e1 este domingo gran encuentro de dirigentes PLD en la capital"},"content":{"rendered":"<p><body><\/p>\n<\/p>\n<\/p>\n<p>El ingeniero Tem\u00edstocles Mont\u00e1s, aspirante a la nominaci\u00f3n presidencial por el Partido de la Liberaci\u00f3n Dominicana (PLD), hablar\u00e1 este domingo al pa\u00eds desde el Club Mauricio B\u00e1ez, en esta capital, en el marco de un Gran Encuentro de Dirigentes de la Zona Metropolitana que respaldan su proyecto pol\u00edtico.<\/p>\n<\/p>\n<p>La actividad est\u00e1 pautada para las 10:00 de la ma\u00f1ana y est\u00e1 prevista la presencia de un n\u00famero apreciable de dirigentes medios, intermedios y nacionales del PLD con incidencia en todo el Distrito Nacional, inform\u00f3 el equipo Coordinador del evento.<\/p>\n<\/p>\n<p>El encuentro ser\u00e1 retransmitido a todo el pa\u00eds por radio y televisi\u00f3n, teniendo como matriz los canales 29, de Santiago de los Caballeros; canal 10 de Telenord, de San Francisco de Macor\u00eds, cubriendo todo la regi\u00f3n norte-nordeste y el canal 19 del Distrito Nacional, de acuerdo a una nota informativa del equipo de prensa de Mont\u00e1s.<\/p>\n<\/p>\n<p>Mont\u00e1s ha estado recorriendo todo el pa\u00eds encabezando encuentros con las bases del PLD, donde igualmente ha dejado constituido sus equipos de campa\u00f1a en las 32 provincias del pa\u00eds.<\/p>\n<h6> 2014-08-03 17:10:26 <\/h6>\n<p><!--\n<link rel=\"stylesheet\" href=\"css\/bootstrap.min.css\">\n\n\n<ul class=\"pagination\">\n\t    \n\t\n\n<li >\n\t<a href='?page_no=14918'>Previous<\/a>\n\t<\/li>\n\n\n       \n    \n\n<li><a href='?page_no=1'>1<\/a><\/li>\n\n\n\n<li><a href='?page_no=2'>2<\/a><\/li>\n\n\n\n<li><a>...<\/a><\/li>\n\n\n\n<li><a href='?page_no=14917'>14917<\/a><\/li>\n\n\n\n<li><a href='?page_no=14918'>14918<\/a><\/li>\n\n\n\n<li class='active'><a>14919<\/a><\/li>\n\n\n\n<li><a href='?page_no=14920'>14920<\/a><\/li>\n\n\n\n<li><a href='?page_no=14921'>14921<\/a><\/li>\n\n\n\n<li><a>...<\/a><\/li>\n\n\n\n<li><a href='?page_no=36999'>36999<\/a><\/li>\n\n\n\n<li><a href='?page_no=37000'>37000<\/a><\/li>\n\n    \n\t\n\n<li >\n\t<a href='?page_no=14920'>Next<\/a>\n\t<\/li>\n\n\n    \n\n<li><a href='?page_no=37000'>Last &rsaquo;&rsaquo;<\/a><\/li>\n\n<\/ul>\n\n\n--><br \/>\n<\/body><\/p>\n","protected":false},"excerpt":{"rendered":"<p>El ingeniero Tem\u00edstocles Mont\u00e1s, aspirante a la nominaci\u00f3n presidencial por el Partido de la Liberaci\u00f3n Dominicana (PLD), hablar\u00e1 este domingo al pa\u00eds desde el Club Mauricio B\u00e1ez, en esta capital, en el marco de un Gran Encuentro de Dirigentes de la Zona Metropolitana que respaldan su proyecto pol\u00edtico. La actividad est\u00e1 pautada para las 10:00 [&hellip;]<\/p>\n","protected":false},"author":3,"featured_media":0,"comment_status":"open","ping_status":"open","sticky":false,"template":"","format":"standard","meta":{"footnotes":""},"categories":[22],"tags":[],"class_list":["post-162521","post","type-post","status-publish","format-standard","hentry","category-politica"],"_links":{"self":[{"href":"https:\/\/diariodominicano.com\/index.php?rest_route=\/wp\/v2\/posts\/162521","targetHints":{"allow":["GET"]}}],"collection":[{"href":"https:\/\/diariodominicano.com\/index.php?rest_route=\/wp\/v2\/posts"}],"about":[{"href":"https:\/\/diariodominicano.com\/index.php?rest_route=\/wp\/v2\/types\/post"}],"author":[{"embeddable":true,"href":"https:\/\/diariodominicano.com\/index.php?rest_route=\/wp\/v2\/users\/3"}],"replies":[{"embeddable":true,"href":"https:\/\/diariodominicano.com\/index.php?rest_route=%2Fwp%2Fv2%2Fcomments&post=162521"}],"version-history":[{"count":0,"href":"https:\/\/diariodominicano.com\/index.php?rest_route=\/wp\/v2\/posts\/162521\/revisions"}],"wp:attachment":[{"href":"https:\/\/diariodominicano.com\/index.php?rest_route=%2Fwp%2Fv2%2Fmedia&parent=162521"}],"wp:term":[{"taxonomy":"category","embeddable":true,"href":"https:\/\/diariodominicano.com\/index.php?rest_route=%2Fwp%2Fv2%2Fcategories&post=162521"},{"taxonomy":"post_tag","embeddable":true,"href":"https:\/\/diariodominicano.com\/index.php?rest_route=%2Fwp%2Fv2%2Ftags&post=162521"}],"curies":[{"name":"wp","href":"https:\/\/api.w.org\/{rel}","templated":true}]}}