{"id":162520,"date":"2014-08-03T17:16:49","date_gmt":"2014-08-03T17:16:49","guid":{"rendered":"http:\/\/diariodominicano.ddns.net\/?p=162520"},"modified":"2014-08-03T17:16:49","modified_gmt":"2014-08-03T17:16:49","slug":"vicepresidenta-del-parlacen-se-reune-con-presidente-de-taiwan","status":"publish","type":"post","link":"https:\/\/diariodominicano.com\/?p=162520","title":{"rendered":"Vicepresidenta del PARLACEN  se re\u00fane con presidente de Taiw\u00e1n"},"content":{"rendered":"<p><body><\/p>\n<p><img decoding=\"async\" src=\"img3\/parlacen 3.jpg\" \/>  <\/p>\n<p>Santo Domingo RD 3 agosto.- La vicepresidenta del Parlamento Centroamericano (PARLACEN), diputada Mirelys Uceta, fue recibida por el presidente de Taiw\u00e1n, Ma Ying-jeou , durante una visita oficial que realiza la funcionaria dominicana a esa naci\u00f3n del contienente asi\u00e1tico. <\/p>\n<\/p>\n<p>Durante el encuentro, la diputada dominicana invit\u00f3 al Presidente Ma Ying-jeou a visitar  la Rep\u00fablica Dominicana y conocer las bondades que ofrece nuestro pa\u00eds. <\/p>\n<\/p>\n<p>Asimismo, Uceta se reuni\u00f3 con el presidente del Yuan Legislativo, Jin-pyng Wang, a quien tambi\u00e9n invit\u00f3 a nuestra naci\u00f3n, particularmente a conocer la zona fronteriza Rep\u00fablica Dominicana-Hait\u00ed. <\/p>\n<\/p>\n<p>\u00abEs un honor para nosotros, en nuestra calidad de vicepresidenta del PARLACEN haber sido invitada por el gobierno de Taiw\u00e1n, ya que ese pa\u00eds es observador del PARLACEN. Aprovechamos los encuentros para invitar a sus m\u00e1ximas autoridades a que visiten y conozcan todo lo que la Rep\u00fablica Dominicana puede ofrecer para fortalecer las relaciones\u00bb. <\/p>\n<\/p>\n<p>Uceta se encuentra en Taiw\u00e1n en compa\u00f1\u00eda de Miguel Oviedo, secretario de la Junta Directiva de la Bancada Dominicana del PARLACEN.  Han realizado un amplio recorrido, que abarca el centro Digital Kuanghua,  el Ministerio de Relaciones Exteriores, el Centro de Comercio Mundial de Taipei y el hospital de trasplante de Organos Chang Guang.<\/p>\n<\/p>\n<h6> 2014-08-03 17:16:49 <\/h6>\n<p><!--\n<link rel=\"stylesheet\" href=\"css\/bootstrap.min.css\">\n\n\n<ul class=\"pagination\">\n\t    \n\t\n\n<li >\n\t<a href='?page_no=14917'>Previous<\/a>\n\t<\/li>\n\n\n       \n    \n\n<li><a href='?page_no=1'>1<\/a><\/li>\n\n\n\n<li><a href='?page_no=2'>2<\/a><\/li>\n\n\n\n<li><a>...<\/a><\/li>\n\n\n\n<li><a href='?page_no=14916'>14916<\/a><\/li>\n\n\n\n<li><a href='?page_no=14917'>14917<\/a><\/li>\n\n\n\n<li class='active'><a>14918<\/a><\/li>\n\n\n\n<li><a href='?page_no=14919'>14919<\/a><\/li>\n\n\n\n<li><a href='?page_no=14920'>14920<\/a><\/li>\n\n\n\n<li><a>...<\/a><\/li>\n\n\n\n<li><a href='?page_no=36999'>36999<\/a><\/li>\n\n\n\n<li><a href='?page_no=37000'>37000<\/a><\/li>\n\n    \n\t\n\n<li >\n\t<a href='?page_no=14919'>Next<\/a>\n\t<\/li>\n\n\n    \n\n<li><a href='?page_no=37000'>Last &rsaquo;&rsaquo;<\/a><\/li>\n\n<\/ul>\n\n\n--><br \/>\n<\/body><\/p>\n","protected":false},"excerpt":{"rendered":"<p>Santo Domingo RD 3 agosto.- La vicepresidenta del Parlamento Centroamericano (PARLACEN), diputada Mirelys Uceta, fue recibida por el presidente de Taiw\u00e1n, Ma Ying-jeou , durante una visita oficial que realiza la funcionaria dominicana a esa naci\u00f3n del contienente asi\u00e1tico. Durante el encuentro, la diputada dominicana invit\u00f3 al Presidente Ma Ying-jeou a visitar la Rep\u00fablica Dominicana [&hellip;]<\/p>\n","protected":false},"author":3,"featured_media":0,"comment_status":"open","ping_status":"open","sticky":false,"template":"","format":"standard","meta":{"footnotes":""},"categories":[22],"tags":[],"class_list":["post-162520","post","type-post","status-publish","format-standard","hentry","category-politica"],"_links":{"self":[{"href":"https:\/\/diariodominicano.com\/index.php?rest_route=\/wp\/v2\/posts\/162520","targetHints":{"allow":["GET"]}}],"collection":[{"href":"https:\/\/diariodominicano.com\/index.php?rest_route=\/wp\/v2\/posts"}],"about":[{"href":"https:\/\/diariodominicano.com\/index.php?rest_route=\/wp\/v2\/types\/post"}],"author":[{"embeddable":true,"href":"https:\/\/diariodominicano.com\/index.php?rest_route=\/wp\/v2\/users\/3"}],"replies":[{"embeddable":true,"href":"https:\/\/diariodominicano.com\/index.php?rest_route=%2Fwp%2Fv2%2Fcomments&post=162520"}],"version-history":[{"count":0,"href":"https:\/\/diariodominicano.com\/index.php?rest_route=\/wp\/v2\/posts\/162520\/revisions"}],"wp:attachment":[{"href":"https:\/\/diariodominicano.com\/index.php?rest_route=%2Fwp%2Fv2%2Fmedia&parent=162520"}],"wp:term":[{"taxonomy":"category","embeddable":true,"href":"https:\/\/diariodominicano.com\/index.php?rest_route=%2Fwp%2Fv2%2Fcategories&post=162520"},{"taxonomy":"post_tag","embeddable":true,"href":"https:\/\/diariodominicano.com\/index.php?rest_route=%2Fwp%2Fv2%2Ftags&post=162520"}],"curies":[{"name":"wp","href":"https:\/\/api.w.org\/{rel}","templated":true}]}}