{"id":162519,"date":"2014-08-03T17:32:05","date_gmt":"2014-08-03T17:32:05","guid":{"rendered":"http:\/\/diariodominicano.ddns.net\/?p=162519"},"modified":"2014-08-03T17:32:05","modified_gmt":"2014-08-03T17:32:05","slug":"senador-euclides-sanchez-dice-es-antidemocratica-norma-del-pld-autoriza-al-comite-politico-a-escoger-bufetes-directivos-del-congreso","status":"publish","type":"post","link":"https:\/\/diariodominicano.com\/?p=162519","title":{"rendered":"Senador Euclides S\u00e1nchez dice es antidemocr\u00e1tica norma del PLD autoriza al Comit\u00e9 Pol\u00edtico a escoger bufetes directivos del Congreso"},"content":{"rendered":"<p><body><\/p>\n<p><img decoding=\"async\" src=\"img3\/entrevista 3.jpg\" \/>  <\/p>\n<p>Santo Domingo RD 3 agosto.- El senador del Partido de la Liberaci\u00f3n Dominicana, Euclides S\u00e1nchez, calific\u00f3 de antidemocr\u00e1tica la norma de esa organizaci\u00f3n pol\u00edtica que deja en manos del Comit\u00e9 Pol\u00edtico la escogencia de los bufetes directivos del Congreso Nacional, ya que son los congresistas los que tienen que decidir a quienes prefieren para que los dirijan.<\/p>\n<\/p>\n<p>Afirm\u00f3 que lleg\u00f3 el momento de predicar con el ejemplo, ya que  los partidos pol\u00edticos deben ser laboratorios donde se practique la democracia, porque tambi\u00e9n son instituciones generadoras de conceptos democr\u00e1ticos.<\/p>\n<\/p>\n<p>Para este lunes, el secretario general del PLD, Reinaldo Pared convoc\u00f3 a los miembros del Comit\u00e9 Pol\u00edtico, quienes decidir\u00e1n en manos de quien quedar\u00e1n  los bufetes directivos del Senado y la C\u00e1mara de Diputados.<\/p>\n<\/p>\n<p>\u00abYo no soy boca dura, pero si  t\u00fa en un Comit\u00e9 de base le da la libertad a los miembros de ese \u00f3rgano para que elijan su directiva, si t\u00fa a los miembros de un Comit\u00e9 Intermedio que son presidente de Comit\u00e9 de Base, t\u00fa le dice a ellos que elijan su presidente, porque hay que negarle a los senadores y diputados que decidan quien deben presidir sus bufetes, no se\u00f1or, debemos implementar la democracia en toda las instancias??, asegur\u00f3 Euclides S\u00e1nchez.<\/p>\n<\/p>\n<p>Al ser entrevistado por el periodista Elvis Lima, en su programa ??Fuera de Record?? que se difunde los domingos de 10:00 a 11:00 de la ma\u00f1ana por Teleradio Am\u00e9rica, canal 45, Euclides S\u00e1nchez, tambi\u00e9n revel\u00f3 que despu\u00e9s del proceso de apertura el PLD ha perdido m\u00edstica y valor  en el sentido \u00e9tico y pol\u00edtico, lo que  ha tra\u00eddo como consecuencia una baja reducci\u00f3n en los \u00faltimos procesos electorales.<\/p>\n<\/p>\n<p><strong>Cambios de funcionarios<\/strong><\/p>\n<p>Por otra parte, el senador oficialista demand\u00f3 del Presidente Danilo Medina salir de todos los funcionarios que tienen m\u00e1s de cinco a\u00f1os en el poder, a fin de poder relanzar el gobierno con caras nuevas, porque la mayor\u00eda ya no quieren recibir a nadie.<\/p>\n<\/p>\n<p>\u00abHasta la belleza cansa, un funcionario cuando pasa de cinco anos, ni recibe a nadie, se endiosa se siente cansado, quiero llamar al Presidente Danilo Medina, que es un presidente que le gusta estar en contacto con la gente, y  no se justifica que en un gobierno de \u00e9l,     todas las instituciones p\u00fablicas tengan un cuartel, la seguridad que hay en cada instituci\u00f3n, impide que una comisi\u00f3n de una junta de vecinos vaya a ventilar un caso de una problem\u00e1tica??, manifest\u00f3 S\u00e1nchez.<\/p>\n<\/p>\n<p>Por otra parte, Euclides S\u00e1nchez calific\u00f3 de descabellada la propuesta de di\u00e1logo hecha por el  Presidente del  Consejo Dominicano de Unidad Evang\u00e9lica (CODUE), Fidel Lorenzo, a fin de que se logre un acuerdo satisfactorio en torno al conflicto desatado para que Loma Miranda sea declarada Parque Nacional.<\/p>\n<\/p>\n<p>Afirm\u00f3 que a pesar de que la mayor\u00eda de los pastores evang\u00e9licos son gente muy seria y honesta, lamenta que Lorenzo se haya  convertido en un seudo pastor para sacar provecho personales a las ofertas tentatorias que ha hecho la empresa Falcoldo para comprar la conciencia de muchos sectores.<\/p>\n<\/p>\n<p>Adelant\u00f3 que tan pronto se inicie la pr\u00f3xima legislatura el 16 de agosto la pieza ser\u00e1 reintroducida, y que ya cuentan con la firma de 31 senadores, menos el de Bonao, en la que se comprometen a votar nuevamente para que Loma Miranda sea declarada <\/p>\n<p>Parque Nacional.<\/p>\n<h6> 2014-08-03 17:32:05 <\/h6>\n<p><!--\n<link rel=\"stylesheet\" href=\"css\/bootstrap.min.css\">\n\n\n<ul class=\"pagination\">\n\t    \n\t\n\n<li >\n\t<a href='?page_no=14916'>Previous<\/a>\n\t<\/li>\n\n\n       \n    \n\n<li><a href='?page_no=1'>1<\/a><\/li>\n\n\n\n<li><a href='?page_no=2'>2<\/a><\/li>\n\n\n\n<li><a>...<\/a><\/li>\n\n\n\n<li><a href='?page_no=14915'>14915<\/a><\/li>\n\n\n\n<li><a href='?page_no=14916'>14916<\/a><\/li>\n\n\n\n<li class='active'><a>14917<\/a><\/li>\n\n\n\n<li><a href='?page_no=14918'>14918<\/a><\/li>\n\n\n\n<li><a href='?page_no=14919'>14919<\/a><\/li>\n\n\n\n<li><a>...<\/a><\/li>\n\n\n\n<li><a href='?page_no=36999'>36999<\/a><\/li>\n\n\n\n<li><a href='?page_no=37000'>37000<\/a><\/li>\n\n    \n\t\n\n<li >\n\t<a href='?page_no=14918'>Next<\/a>\n\t<\/li>\n\n\n    \n\n<li><a href='?page_no=37000'>Last &rsaquo;&rsaquo;<\/a><\/li>\n\n<\/ul>\n\n\n--><br \/>\n<\/body><\/p>\n","protected":false},"excerpt":{"rendered":"<p>Santo Domingo RD 3 agosto.- El senador del Partido de la Liberaci\u00f3n Dominicana, Euclides S\u00e1nchez, calific\u00f3 de antidemocr\u00e1tica la norma de esa organizaci\u00f3n pol\u00edtica que deja en manos del Comit\u00e9 Pol\u00edtico la escogencia de los bufetes directivos del Congreso Nacional, ya que son los congresistas los que tienen que decidir a quienes prefieren para que [&hellip;]<\/p>\n","protected":false},"author":3,"featured_media":0,"comment_status":"open","ping_status":"open","sticky":false,"template":"","format":"standard","meta":{"footnotes":""},"categories":[22],"tags":[],"class_list":["post-162519","post","type-post","status-publish","format-standard","hentry","category-politica"],"_links":{"self":[{"href":"https:\/\/diariodominicano.com\/index.php?rest_route=\/wp\/v2\/posts\/162519","targetHints":{"allow":["GET"]}}],"collection":[{"href":"https:\/\/diariodominicano.com\/index.php?rest_route=\/wp\/v2\/posts"}],"about":[{"href":"https:\/\/diariodominicano.com\/index.php?rest_route=\/wp\/v2\/types\/post"}],"author":[{"embeddable":true,"href":"https:\/\/diariodominicano.com\/index.php?rest_route=\/wp\/v2\/users\/3"}],"replies":[{"embeddable":true,"href":"https:\/\/diariodominicano.com\/index.php?rest_route=%2Fwp%2Fv2%2Fcomments&post=162519"}],"version-history":[{"count":0,"href":"https:\/\/diariodominicano.com\/index.php?rest_route=\/wp\/v2\/posts\/162519\/revisions"}],"wp:attachment":[{"href":"https:\/\/diariodominicano.com\/index.php?rest_route=%2Fwp%2Fv2%2Fmedia&parent=162519"}],"wp:term":[{"taxonomy":"category","embeddable":true,"href":"https:\/\/diariodominicano.com\/index.php?rest_route=%2Fwp%2Fv2%2Fcategories&post=162519"},{"taxonomy":"post_tag","embeddable":true,"href":"https:\/\/diariodominicano.com\/index.php?rest_route=%2Fwp%2Fv2%2Ftags&post=162519"}],"curies":[{"name":"wp","href":"https:\/\/api.w.org\/{rel}","templated":true}]}}