{"id":162518,"date":"2014-08-03T21:33:18","date_gmt":"2014-08-03T21:33:18","guid":{"rendered":"http:\/\/diariodominicano.ddns.net\/?p=162518"},"modified":"2014-08-03T21:33:18","modified_gmt":"2014-08-03T21:33:18","slug":"montas-se-declara-comprometido-a-defender-la-libertad-y-a-combatir-la-pobreza-y-la-desigualdad","status":"publish","type":"post","link":"https:\/\/diariodominicano.com\/?p=162518","title":{"rendered":"Mont\u00e1s se declara comprometido a defender la libertad y a combatir la pobreza y la desigualdad"},"content":{"rendered":"<p><body><\/p>\n<p><img decoding=\"async\" src=\"img3\/temom00.jpg\" \/><br \/><img decoding=\"async\" src=\"img3\/temo002m.jpg\" \/>  <\/p>\n<p><span class=\"text1noticias\">SANTO DOMINGO, 3 de Agosto de 2014.- Los dominicanos han logrado conquistar la libertad de profesar cualquier doctrina pol\u00edtica o ideol\u00f3gica pero a\u00fan no han podido vencer la pobreza y la desigualdad, por lo que es necesario seguir luchando para devolver la dignidad y la seguridad a cada ciudadano, afirm\u00f3 el ingeniero Tem\u00edstoclesMont\u00e1s ante miles de sus seguidores que se congregaron este domingo en el Club Mauricio B\u00e1ez de esta capital. <\/span><\/p>\n<\/p>\n<p><span class=\"text1noticias\">\u00abLos dominicanos hemos conquistado la libertad de palabra y tambi\u00e9n hemos conquistado el derecho para que cada uno honre a Dios a su manera, pero en la Rep\u00fablica Dominicana, compa\u00f1eros y compa\u00f1eras,  no hemos logrado conquistar la libertad de escapar a las necesidades y tampoco a la libertad de escapar al temor\u00bb, expres\u00f3 el aspirante presidencial del Partido de la Liberaci\u00f3n Dominicana (PLD). <\/span><\/p>\n<\/p>\n<p><span class=\"text1noticias\">Mont\u00e1s manifest\u00f3 que la gran tarea que queda por delante es\u00bbconquistar a fondo los derechos econ\u00f3micos y sociales que est\u00e1n consignados en la Declaraci\u00f3n Universal de los Derechos Humanos, aprobada por la Organizaci\u00f3n de Naciones Unidas (ONU) el a\u00f1o de 1948&#8243; porque \u00abel 36 por ciento de los dominicanos todav\u00eda vive por debajo de los niveles de pobreza un mill\u00f3n de dominicanos vive en la indigencia, lo que significa que pasan hambre\u00bb.<\/span><\/p>\n<\/p>\n<p><span class=\"text1noticias\">\u00abEl hombre de hoy no es libre si tiene la cartera vac\u00eda. Para que un hombre sea libre tiene que disponer de los recursos necesarios para vivir con dignidad y por esa raz\u00f3n yo he estado planteando que busco la Presidencia de la Rep\u00fablica en el 2016 porque soy la garant\u00eda de continuar la obra de gobierno del compa\u00f1ero Danilo Medina y estoy comprometido a hacer una obra de gobierno socialmente responsable que propicie m\u00e1s equidad social\u00bb, exclam\u00f3 Mont\u00e1s arrancando la ovaci\u00f3n cerrada de miles de pelede\u00edstas de la Santo Domingo que lo aclamaron al grito de \u00a1Temo Presidente! <\/span><\/p>\n<\/p>\n<p><span class=\"text1noticias\">            La lluvia que comenz\u00f3 a caer sobre gran parte de la capital desde las primeras horas de este domingo no impidi\u00f3 que centenares de entusiastas activistas y dirigentes del PLD abarrotaran la cancha bajo techo del Club Mauricio B\u00e1ez, ubicada en la populosa barriada de Villa Juana, donde previo al inicio formal del encuentro varios populares cantantes amenizaron el ambiente con diversas interpretaciones.<\/span><\/p>\n<\/p>\n<p><span class=\"text1noticias\">            Al comp\u00e1s de consignas, gritos, aplausos y un constante agitar de banderas moradas, los presentes escucharon al incio las palabras de Isabel Lara, Coordinadora del Movimiento \u00abMujeres con Temo\u00bb; de John Ortiz, de Juventud con Temo; de Juli\u00e1n Antonio Parra, representante del sector comercial y finalmente del diputado y miembro del Comit\u00e9 Central del PLD, Rafael M\u00e9ndez, quien dio paso a Mont\u00e1s.<\/span><\/p>\n<\/p>\n<p><span class=\"text1noticias\">\u00abMucha gente prendi\u00f3 velas hoy para que este acto no se diera. Sin embargo, el trabajo de los compa\u00f1eros, el trabajo de los diferentes coordinadores del \u00e1rea metropolitana de Santo Domingo, garantizaron que en el d\u00eda de hoy, con todo y los preludios de lluvia, derrot\u00e1ramos a la tormenta Bertha, lo que demuestra que este es un proyecto que ha logrado calar en lo profundo de las bases del PLD\u00bb, dijo Mont\u00e1s.<\/span><\/p>\n<\/p>\n<p><span class=\"text1noticias\">El precandidato presidencial dijo que no es posible hablar de equidad social en Rep\u00fablica Dominicana\u00bbmientras una parte considerable de los dominicanos tengan la cartera vac\u00eda.  Por esa raz\u00f3n, el PLD tiene que mantener el compromiso de seguir luchando por la justicia social, lo que significa creaci\u00f3n de oportunidades para que los j\u00f3venes generen y ampl\u00eden sus capacidades\u00bb, apunt\u00f3.<\/span><\/p>\n<\/p>\n<p><span class=\"text1noticias\">Agreg\u00f3 que la justicia social lo que significa es lograr una alianza entre el gobierno y la sociedad que garantice la seguridad ciudadana, pero por encima de todo la justicia social en el pa\u00eds significa el adecentamiento de la pol\u00edtica por la v\u00eda de la cultura, de la \u00e9tica y la transparencia en el gobierno con el objetivo de desterrar de una vez y por siempre la corrupci\u00f3n en el ejercicio de la pol\u00edtica. <\/span><\/p>\n<\/p>\n<p><span class=\"text1noticias\">\u00abEs sobre la base de un compromiso \u00e9tico y un comportamiento transparente que estamos haciendo campa\u00f1a al interior del PLD porque entendemos que levantando esa bandera, estamos levantando la bandera por la que luch\u00f3 el profesor Juan Bosch, fundador, formador y gu\u00eda del PLD\u00bb, puntualiz\u00f3 Mont\u00e1s.<\/span><\/p>\n<\/p>\n<\/p>\n<\/p>\n<h6> 2014-08-03 21:33:18 <\/h6>\n<p><!--\n<link rel=\"stylesheet\" href=\"css\/bootstrap.min.css\">\n\n\n<ul class=\"pagination\">\n\t    \n\t\n\n<li >\n\t<a href='?page_no=14915'>Previous<\/a>\n\t<\/li>\n\n\n       \n    \n\n<li><a href='?page_no=1'>1<\/a><\/li>\n\n\n\n<li><a href='?page_no=2'>2<\/a><\/li>\n\n\n\n<li><a>...<\/a><\/li>\n\n\n\n<li><a href='?page_no=14914'>14914<\/a><\/li>\n\n\n\n<li><a href='?page_no=14915'>14915<\/a><\/li>\n\n\n\n<li class='active'><a>14916<\/a><\/li>\n\n\n\n<li><a href='?page_no=14917'>14917<\/a><\/li>\n\n\n\n<li><a href='?page_no=14918'>14918<\/a><\/li>\n\n\n\n<li><a>...<\/a><\/li>\n\n\n\n<li><a href='?page_no=36999'>36999<\/a><\/li>\n\n\n\n<li><a href='?page_no=37000'>37000<\/a><\/li>\n\n    \n\t\n\n<li >\n\t<a href='?page_no=14917'>Next<\/a>\n\t<\/li>\n\n\n    \n\n<li><a href='?page_no=37000'>Last &rsaquo;&rsaquo;<\/a><\/li>\n\n<\/ul>\n\n\n--><br \/>\n<\/body><\/p>\n","protected":false},"excerpt":{"rendered":"<p>SANTO DOMINGO, 3 de Agosto de 2014.- Los dominicanos han logrado conquistar la libertad de profesar cualquier doctrina pol\u00edtica o ideol\u00f3gica pero a\u00fan no han podido vencer la pobreza y la desigualdad, por lo que es necesario seguir luchando para devolver la dignidad y la seguridad a cada ciudadano, afirm\u00f3 el ingeniero Tem\u00edstoclesMont\u00e1s ante miles [&hellip;]<\/p>\n","protected":false},"author":3,"featured_media":0,"comment_status":"open","ping_status":"open","sticky":false,"template":"","format":"standard","meta":{"footnotes":""},"categories":[22],"tags":[],"class_list":["post-162518","post","type-post","status-publish","format-standard","hentry","category-politica"],"_links":{"self":[{"href":"https:\/\/diariodominicano.com\/index.php?rest_route=\/wp\/v2\/posts\/162518","targetHints":{"allow":["GET"]}}],"collection":[{"href":"https:\/\/diariodominicano.com\/index.php?rest_route=\/wp\/v2\/posts"}],"about":[{"href":"https:\/\/diariodominicano.com\/index.php?rest_route=\/wp\/v2\/types\/post"}],"author":[{"embeddable":true,"href":"https:\/\/diariodominicano.com\/index.php?rest_route=\/wp\/v2\/users\/3"}],"replies":[{"embeddable":true,"href":"https:\/\/diariodominicano.com\/index.php?rest_route=%2Fwp%2Fv2%2Fcomments&post=162518"}],"version-history":[{"count":0,"href":"https:\/\/diariodominicano.com\/index.php?rest_route=\/wp\/v2\/posts\/162518\/revisions"}],"wp:attachment":[{"href":"https:\/\/diariodominicano.com\/index.php?rest_route=%2Fwp%2Fv2%2Fmedia&parent=162518"}],"wp:term":[{"taxonomy":"category","embeddable":true,"href":"https:\/\/diariodominicano.com\/index.php?rest_route=%2Fwp%2Fv2%2Fcategories&post=162518"},{"taxonomy":"post_tag","embeddable":true,"href":"https:\/\/diariodominicano.com\/index.php?rest_route=%2Fwp%2Fv2%2Ftags&post=162518"}],"curies":[{"name":"wp","href":"https:\/\/api.w.org\/{rel}","templated":true}]}}