{"id":162517,"date":"2014-08-03T22:20:51","date_gmt":"2014-08-03T22:20:51","guid":{"rendered":"http:\/\/diariodominicano.ddns.net\/?p=162517"},"modified":"2014-08-03T22:20:51","modified_gmt":"2014-08-03T22:20:51","slug":"luis-abinader-rechaza-informe-del-gobierno-sobre-la-pobreza-y-dice-desempleo-sigue-creciendo","status":"publish","type":"post","link":"https:\/\/diariodominicano.com\/?p=162517","title":{"rendered":"Luis Abinader rechaza informe del Gobierno sobre la pobreza y dice desempleo sigue creciendo&#13;"},"content":{"rendered":"<p><body><\/p>\n<p><img decoding=\"async\" src=\"img3\/Luisabi030800.jpg\" \/>  <\/p>\n<p><span class=\"text1noticias\">SANTIAGO, 3 de Agosto de  2014).- El aspirante presidencial del Partido del Partido Revolucionario Mayoritario (PRM), Luis Abinader, rebati\u00f3 la afirmaci\u00f3n del Gobierno de que m\u00e1s de medio mill\u00f3n de dominicanos han salido de la pobreza en los \u00faltimos dos a\u00f1os, y dijo que la administraci\u00f3n del presidente Danilo Medina no est\u00e1 creando los empleos necesarios para mejorar las condiciones de vida de la poblaci\u00f3n dominicana.<\/span><\/p>\n<\/p>\n<p><span class=\"text1noticias\">Al referirse a un informe dado a conocer la semana pasada  por el Ministerio de Econom\u00eda, Planificaci\u00f3n y Desarrollo, el economista y empresario dijo que la administraci\u00f3n del presidente Danilo Medina no ha logrado establecer una pol\u00edtica efectiva para fortalecer la producci\u00f3n nacional  y apoyar la creaci\u00f3n de empleos de acuerdo  a la demanda del mercado de trabajo.<\/span><\/p>\n<\/p>\n<p><span class=\"text1noticias\">En opini\u00f3n de Abinader,  los  datos del Gobierno son incompatibles con las estad\u00edsticas de la econom\u00eda dominicana y del crecimiento del empleo, de acuerdo a las propias cifras  del Banco Central<\/span><\/p>\n<p><span class=\"text1noticias\">Dijo que el informe presentado por el ministro Temistocles Mont\u00e1s parece ser el mismo que cit\u00f3 en junio pasado el presidente Medina, seg\u00fan el cual en el per\u00edodo  octubre 2012 abril  2014, en la Rep\u00fablica Dominicana  528 mil personas hab\u00edan pasado de la pobreza a la clase media baja y unos 224 mil de la indigencia habr\u00edan pasado a la pobreza moderada.<\/span><\/p>\n<\/p>\n<p><span class=\"text1noticias\">Tras se\u00f1alar que el  presidente Medina se comprometi\u00f3 a crear 400 mil nuevos empleos en los cuatro a\u00f1os de su mandato, dijo que  en el primer a\u00f1o de su gesti\u00f3n solo se crearon unos 40 mil empleos, menos del 50 por ciento de la meta anual,  y en el segundo a\u00f1o la cifra  ronda los 60 mil empleos, lo que representa un  50 por ciento de la meta proyectada.<\/span><\/p>\n<\/p>\n<p><span class=\"text1noticias\">Explic\u00f3 que de acuerdo a las propias estad\u00edsticas oficiales, la tasa oficial de pobreza en el 2013 fue de 41.2 por ciento, equivalente a 4.1 millones de personas, mientras que en el 2012 fue  de  40.9 por ciento, equivalente a 4 millones, lo que a su juicio significa un aumento real de la tasa de pobreza en la Rep\u00fablica Dominicana.<\/span><\/p>\n<\/p>\n<p><strong><span class=\"text1noticias\">Directivos del PRD dejan a Miguel y apoyan a Abinader<\/span><\/strong><\/p>\n<\/p>\n<p><span class=\"text1noticias\">Luis Abinader emiti\u00f3 sus declaraciones luego de juramentar a la que dijo es casi la  totalidad de los dirigentes del PRD en el Distrito Municipal de La Canela, que rompieron sus v\u00ednculos con el ingeniero Miguel Vargas y  pasaron a respaldar su proyecto presidencial.<\/span><\/p>\n<\/p>\n<p><span class=\"text1noticias\">Los perredeistas renunciantes y juramentados en el equipo de Abinader son el secretario general del Comit\u00e9 Municipal, Freddy Ferreira; el presidente en funciones, Johnny Luna; el secretario de organizaci\u00f3n, Jos\u00e9 Alejandro Infante; el vicepresidente municipal, Jos\u00e9 Luis Espinal; la directora de la Mujer, Isabel Grull\u00f3n; el secretario de finanzas, Luis Gabriel Ferreira, el subsecretario municipal, Jos\u00e9 Antonio Payero; el secretario de actas, Santos De Jes\u00fas; y las dirigentes de la Zona B, Albania Garc\u00eda y Alma Rosa Infante, entre otros dirigentes.<\/span><\/p>\n<\/p>\n<p><span class=\"text1noticias\">Durante su visita a La Canela y a otras comunidades de Santiago, el licenciado Abinader estuvo acompa\u00f1ado de altos dirigentes provinciales y municipales del PRM, incluyendo a Rosa Santos, Nelson Marmolejos, Plutarco Arias, Manuel Lora, Deisy D\u00edaz;  Eddy Orttega, Angel Mar\u00eda Prats, , Ambiorix Reyes, Cholo D Oleo, y Ram\u00f3n Pe\u00f1a.<\/span><\/p>\n<\/p>\n<\/p>\n<\/p>\n<\/p>\n<h6> 2014-08-03 22:20:51 <\/h6>\n<p><!--\n<link rel=\"stylesheet\" href=\"css\/bootstrap.min.css\">\n\n\n<ul class=\"pagination\">\n\t    \n\t\n\n<li >\n\t<a href='?page_no=14914'>Previous<\/a>\n\t<\/li>\n\n\n       \n    \n\n<li><a href='?page_no=1'>1<\/a><\/li>\n\n\n\n<li><a href='?page_no=2'>2<\/a><\/li>\n\n\n\n<li><a>...<\/a><\/li>\n\n\n\n<li><a href='?page_no=14913'>14913<\/a><\/li>\n\n\n\n<li><a href='?page_no=14914'>14914<\/a><\/li>\n\n\n\n<li class='active'><a>14915<\/a><\/li>\n\n\n\n<li><a href='?page_no=14916'>14916<\/a><\/li>\n\n\n\n<li><a href='?page_no=14917'>14917<\/a><\/li>\n\n\n\n<li><a>...<\/a><\/li>\n\n\n\n<li><a href='?page_no=36999'>36999<\/a><\/li>\n\n\n\n<li><a href='?page_no=37000'>37000<\/a><\/li>\n\n    \n\t\n\n<li >\n\t<a href='?page_no=14916'>Next<\/a>\n\t<\/li>\n\n\n    \n\n<li><a href='?page_no=37000'>Last &rsaquo;&rsaquo;<\/a><\/li>\n\n<\/ul>\n\n\n--><br \/>\n<\/body><\/p>\n","protected":false},"excerpt":{"rendered":"<p>SANTIAGO, 3 de Agosto de 2014).- El aspirante presidencial del Partido del Partido Revolucionario Mayoritario (PRM), Luis Abinader, rebati\u00f3 la afirmaci\u00f3n del Gobierno de que m\u00e1s de medio mill\u00f3n de dominicanos han salido de la pobreza en los \u00faltimos dos a\u00f1os, y dijo que la administraci\u00f3n del presidente Danilo Medina no est\u00e1 creando los empleos [&hellip;]<\/p>\n","protected":false},"author":3,"featured_media":0,"comment_status":"open","ping_status":"open","sticky":false,"template":"","format":"standard","meta":{"footnotes":""},"categories":[22],"tags":[],"class_list":["post-162517","post","type-post","status-publish","format-standard","hentry","category-politica"],"_links":{"self":[{"href":"https:\/\/diariodominicano.com\/index.php?rest_route=\/wp\/v2\/posts\/162517","targetHints":{"allow":["GET"]}}],"collection":[{"href":"https:\/\/diariodominicano.com\/index.php?rest_route=\/wp\/v2\/posts"}],"about":[{"href":"https:\/\/diariodominicano.com\/index.php?rest_route=\/wp\/v2\/types\/post"}],"author":[{"embeddable":true,"href":"https:\/\/diariodominicano.com\/index.php?rest_route=\/wp\/v2\/users\/3"}],"replies":[{"embeddable":true,"href":"https:\/\/diariodominicano.com\/index.php?rest_route=%2Fwp%2Fv2%2Fcomments&post=162517"}],"version-history":[{"count":0,"href":"https:\/\/diariodominicano.com\/index.php?rest_route=\/wp\/v2\/posts\/162517\/revisions"}],"wp:attachment":[{"href":"https:\/\/diariodominicano.com\/index.php?rest_route=%2Fwp%2Fv2%2Fmedia&parent=162517"}],"wp:term":[{"taxonomy":"category","embeddable":true,"href":"https:\/\/diariodominicano.com\/index.php?rest_route=%2Fwp%2Fv2%2Fcategories&post=162517"},{"taxonomy":"post_tag","embeddable":true,"href":"https:\/\/diariodominicano.com\/index.php?rest_route=%2Fwp%2Fv2%2Ftags&post=162517"}],"curies":[{"name":"wp","href":"https:\/\/api.w.org\/{rel}","templated":true}]}}