{"id":162516,"date":"2014-08-04T13:01:56","date_gmt":"2014-08-04T13:01:56","guid":{"rendered":"http:\/\/diariodominicano.ddns.net\/?p=162516"},"modified":"2014-08-04T13:01:56","modified_gmt":"2014-08-04T13:01:56","slug":"comision-politica-peledeista-tiene-en-sus-manos-la-decision-de-seleccionar-los-presidentes-del-senado-y-la-camara-de-diputados","status":"publish","type":"post","link":"https:\/\/diariodominicano.com\/?p=162516","title":{"rendered":"Comisi\u00f3n Pol\u00edtica peledeista tiene en sus manos la decisi\u00f3n de seleccionar los presidentes del senado y la c\u00e1mara de diputados."},"content":{"rendered":"<p><body><\/p>\n<p><img decoding=\"async\" src=\"img3\/hoy 4.jpeg\" \/><br \/><img decoding=\"async\" src=\"img3\/muchos 3.jpg\" \/><br \/><img decoding=\"async\" src=\"img3\/casa 4.jpg\" \/>  <\/p>\n<p>Santo Domingo RD 4 agosto.- El  Comit\u00e9 Pol\u00edtico del Partido de la Liberaci\u00f3n Dominicana (PLD) se re\u00fane a las ocho de la noche de este lunes donde escoger\u00e1 a quienes propondr\u00e1 para dirigir los bufetes directivos de las dos c\u00e1maras legislativas<\/p>\n<\/p>\n<p>El CP, ahora ampliado a 35 miembros, podr\u00eda entrar a la historia si propone a Cristina Lizardo Mezquita, la cual ser\u00eda la primera mujer que presidir\u00eda el Senado de la Rep\u00fablica.<\/p>\n<\/p>\n<p>Su elecci\u00f3n tambi\u00e9n la convertir\u00eda en la segunda dama que dirige una de las dos c\u00e1maras del Congreso Nacional. Esto as\u00ed porque desde la Independencia Nacional, en 1844, hasta la fecha, la C\u00e1mara de Diputados ha tenido 60 presidentes y solo una presidenta, la reformista Rafaela Alburquerque (1999-2003).<\/p>\n<\/p>\n<p>Otra mujer, Milagros Ortiz Bosch, fue senadora dos veces por el Distrito Nacional (1994-1998 y 1998-2000) y aunque alcanz\u00f3 mucho liderazgo, llegando a ser integrante del Consejo Nacional de la Magistratura nunca ocup\u00f3 la presidencia del Senado, nunca fue propuesta por su partido, el  PRD. <\/p>\n<\/p>\n<p>En la reuni\u00f3n, que  se celebrar\u00e1  en la Oficina Presidencial de la Zona Universitaria, los miembros del CP tambi\u00e9n elegir\u00e1n a los vicepresidentes de ambas c\u00e1maras. Tradicionalmente la elecci\u00f3n de los secretarios o secretarias de los bufetges se deja a los congresistas, igual que los voceros de ambas bancadas.<\/p>\n<\/p>\n<p><strong>Lucha tendenciada<\/strong><\/p>\n<\/p>\n<p>El anuncio del actual presidente, Reinaldo Pared, de que no repetir\u00eda al frente del organismo para dedicarse de lleno a su precandidatura presidencial, no solo abri\u00f3 las apetencias, sino que dividi\u00f3 en dos el bloque de senadores del PLD.<\/p>\n<\/p>\n<p>Un grupo cercano al presidente Danilo Medina anunci\u00f3 p\u00fablicamente su apoyo a Lizardo, senadora de la provincia Santo Domingo, y quien lleva ocho a\u00f1os como vicepresidenta de la  c\u00e1mara alta.<\/p>\n<\/p>\n<p>Mientras en la C\u00e1mara de Diputados se cita con insistencia que Abel Mart\u00ednez repetir\u00eda como presidente.<\/p>\n<h6> 2014-08-04 13:01:56 <\/h6>\n<p><!--\n<link rel=\"stylesheet\" href=\"css\/bootstrap.min.css\">\n\n\n<ul class=\"pagination\">\n\t    \n\t\n\n<li >\n\t<a href='?page_no=14913'>Previous<\/a>\n\t<\/li>\n\n\n       \n    \n\n<li><a href='?page_no=1'>1<\/a><\/li>\n\n\n\n<li><a href='?page_no=2'>2<\/a><\/li>\n\n\n\n<li><a>...<\/a><\/li>\n\n\n\n<li><a href='?page_no=14912'>14912<\/a><\/li>\n\n\n\n<li><a href='?page_no=14913'>14913<\/a><\/li>\n\n\n\n<li class='active'><a>14914<\/a><\/li>\n\n\n\n<li><a href='?page_no=14915'>14915<\/a><\/li>\n\n\n\n<li><a href='?page_no=14916'>14916<\/a><\/li>\n\n\n\n<li><a>...<\/a><\/li>\n\n\n\n<li><a href='?page_no=36999'>36999<\/a><\/li>\n\n\n\n<li><a href='?page_no=37000'>37000<\/a><\/li>\n\n    \n\t\n\n<li >\n\t<a href='?page_no=14915'>Next<\/a>\n\t<\/li>\n\n\n    \n\n<li><a href='?page_no=37000'>Last &rsaquo;&rsaquo;<\/a><\/li>\n\n<\/ul>\n\n\n--><br \/>\n<\/body><\/p>\n","protected":false},"excerpt":{"rendered":"<p>Santo Domingo RD 4 agosto.- El Comit\u00e9 Pol\u00edtico del Partido de la Liberaci\u00f3n Dominicana (PLD) se re\u00fane a las ocho de la noche de este lunes donde escoger\u00e1 a quienes propondr\u00e1 para dirigir los bufetes directivos de las dos c\u00e1maras legislativas El CP, ahora ampliado a 35 miembros, podr\u00eda entrar a la historia si propone [&hellip;]<\/p>\n","protected":false},"author":3,"featured_media":0,"comment_status":"open","ping_status":"open","sticky":false,"template":"","format":"standard","meta":{"footnotes":""},"categories":[22],"tags":[],"class_list":["post-162516","post","type-post","status-publish","format-standard","hentry","category-politica"],"_links":{"self":[{"href":"https:\/\/diariodominicano.com\/index.php?rest_route=\/wp\/v2\/posts\/162516","targetHints":{"allow":["GET"]}}],"collection":[{"href":"https:\/\/diariodominicano.com\/index.php?rest_route=\/wp\/v2\/posts"}],"about":[{"href":"https:\/\/diariodominicano.com\/index.php?rest_route=\/wp\/v2\/types\/post"}],"author":[{"embeddable":true,"href":"https:\/\/diariodominicano.com\/index.php?rest_route=\/wp\/v2\/users\/3"}],"replies":[{"embeddable":true,"href":"https:\/\/diariodominicano.com\/index.php?rest_route=%2Fwp%2Fv2%2Fcomments&post=162516"}],"version-history":[{"count":0,"href":"https:\/\/diariodominicano.com\/index.php?rest_route=\/wp\/v2\/posts\/162516\/revisions"}],"wp:attachment":[{"href":"https:\/\/diariodominicano.com\/index.php?rest_route=%2Fwp%2Fv2%2Fmedia&parent=162516"}],"wp:term":[{"taxonomy":"category","embeddable":true,"href":"https:\/\/diariodominicano.com\/index.php?rest_route=%2Fwp%2Fv2%2Fcategories&post=162516"},{"taxonomy":"post_tag","embeddable":true,"href":"https:\/\/diariodominicano.com\/index.php?rest_route=%2Fwp%2Fv2%2Ftags&post=162516"}],"curies":[{"name":"wp","href":"https:\/\/api.w.org\/{rel}","templated":true}]}}