{"id":162515,"date":"2014-08-04T17:10:06","date_gmt":"2014-08-04T17:10:06","guid":{"rendered":"http:\/\/diariodominicano.ddns.net\/?p=162515"},"modified":"2014-08-04T17:10:06","modified_gmt":"2014-08-04T17:10:06","slug":"temistocles-montas-asegura-danilo-no-es-reeleccionista-ni-siquiera-cuando-estaba-permitida","status":"publish","type":"post","link":"https:\/\/diariodominicano.com\/?p=162515","title":{"rendered":"Tem\u00edstocles Mont\u00e1s asegura Danilo no es reeleccionista ni siquiera cuando estaba permitida"},"content":{"rendered":"<p><body><\/p>\n<p><img decoding=\"async\" src=\"img3\/monta 4.jpg\" \/>  <\/p>\n<p>Santo Domingo RD 4 agosto.- Para el alto dirigente del Partido de la Liberaci\u00f3n Dominicana (PLD), ingeniero Tem\u00edstocles Mont\u00e1s, est\u00e1 m\u00e1s que claro que el presidente Danilo Medina no va a buscar la reelecci\u00f3n presidencial porque est\u00e1 prohibida constitucionalmente y \u00e9l se opuso a ella cuando estaba permitida en 2008.<\/p>\n<\/p>\n<p>\u00abDanilo se opuso a la reelecci\u00f3n cuando estaba permitida por la Constituci\u00f3n, ahora que est\u00e1 prohibida nadie puede creer que Danilo va aceptar modificar la Carta Magna para buscar reelegirse en el poder\u00bb, declar\u00f3 Mont\u00e1s.<\/p>\n<\/p>\n<p>El precandidato presidencial del PLD record\u00f3 que el ex presidente Hip\u00f3lito Mej\u00eda promovi\u00f3 y logr\u00f3 modificar la Constituci\u00f3n de la Rep\u00fablica en 2002 para permitir una reelecci\u00f3n y nunca m\u00e1s, por lo que cuando Leonel Fern\u00e1ndez gan\u00f3 las elecciones de 2004 ten\u00eda derecho constitucional de buscar la reelecci\u00f3n.<\/p>\n<\/p>\n<p>Explic\u00f3 que \u00abteniendo Leonel derecho constitucional de reelegirse en el 2008,  Danilo se opuso a la reelecci\u00f3n de Leonel por entender que era da\u00f1ina para el PLD y para la institucionalidad democr\u00e1tica\u00bb, lo que a su juicio significa que nadie puede convencerlo de que acepte una modificaci\u00f3n de la Constituci\u00f3n para \u00e9l buscar la reelecci\u00f3n como se le critic\u00f3 a Hip\u00f3lito Mej\u00eda.<\/p>\n<\/p>\n<p>Al responder preguntas del equipo period\u00edstico que realiza el programa \u00abEl Gobierno de la Ma\u00f1ana\u00bb, por la emisora radial Z101, Mont\u00e1s se\u00f1al\u00f3 que el triunfo de Medina dio inicio a la alternabilidad en el liderazgo nacional y en el PLD y lo correcto es continuar ese proceso, no intentar detenerlo para volver hacia atr\u00e1s, para que una sola persona se crea que es el \u00fanico que puede gobernar.<\/p>\n<\/p>\n<p>\u00abDanilo es el presidente mejor valorado de Am\u00e9rica Latina y de la Rep\u00fablica Dominicana en toda su historia y eso valida en la necesidad de alternar el liderazgo para que la gente pueda ver cambios, gente nueva gobernando y cosechando \u00e9xitos\u00bb, apunt\u00f3 el alto dirigente y fundador del PLD en una nota enviada por su equipo de prensa.<\/p>\n<\/p>\n<p>Ante la pregunta de si acepta que llev\u00f3 a la econom\u00eda dominicana al neoliberalismo durante el primer gobierno del PLD, Mont\u00e1s fue categ\u00f3rico al decir que nunca se propuso ni tampoco llev\u00f3 la econom\u00eda al neoliberalismo, sino hacia una econom\u00eda mixta.<\/p>\n<\/p>\n<p>\u00abAqu\u00ed hemos luchado por fortalecer el Estado, no para debilitarlo que es lo que procuran los neoliberales\u00bb, afirm\u00f3 Mont\u00e1s, quien de inmediato enumer\u00f3 numerosas pol\u00edticas p\u00fablicas impulsadas desde el Ministerio de Econom\u00eda, Planificaci\u00f3n y Desarrollo que dirige para mejorar las condiciones de vida de la poblaci\u00f3n.<\/p>\n<\/p>\n<p>Expres\u00f3 que la \u00abLey de Seguridad Social no tiene nada de neoliberal, y fue en el Ministerio de Econom\u00eda, Planificaci\u00f3n y Desarrollo que se elabor\u00f3 esa pol\u00edtica. Se trata de un sistema de protecci\u00f3n social contra la pobreza y la desigualdad social\u00bb, agreg\u00f3.<\/p>\n<\/p>\n<p>Al explicar las esencias de sus objetivos a buscar cuando sea Presidente de la Rep\u00fablica, Mont\u00e1s los puso claros: \u00abVamos a la Presidencia de la Rep\u00fablica a luchar por lograr que la sociedad dominicana sea una sociedad de incluidos, no de excluidos. Para eso vamos a seguir fortaleciendo el sistema protecci\u00f3n social, mejorando la educaci\u00f3n, la salud; seguiremos insistiendo en hacer una pol\u00edtica de vivienda que le garantice techo a los dominicanos\u00bb.<\/p>\n<h6> 2014-08-04 17:10:06 <\/h6>\n<p><!--\n<link rel=\"stylesheet\" href=\"css\/bootstrap.min.css\">\n\n\n<ul class=\"pagination\">\n\t    \n\t\n\n<li >\n\t<a href='?page_no=14912'>Previous<\/a>\n\t<\/li>\n\n\n       \n    \n\n<li><a href='?page_no=1'>1<\/a><\/li>\n\n\n\n<li><a href='?page_no=2'>2<\/a><\/li>\n\n\n\n<li><a>...<\/a><\/li>\n\n\n\n<li><a href='?page_no=14911'>14911<\/a><\/li>\n\n\n\n<li><a href='?page_no=14912'>14912<\/a><\/li>\n\n\n\n<li class='active'><a>14913<\/a><\/li>\n\n\n\n<li><a href='?page_no=14914'>14914<\/a><\/li>\n\n\n\n<li><a href='?page_no=14915'>14915<\/a><\/li>\n\n\n\n<li><a>...<\/a><\/li>\n\n\n\n<li><a href='?page_no=36999'>36999<\/a><\/li>\n\n\n\n<li><a href='?page_no=37000'>37000<\/a><\/li>\n\n    \n\t\n\n<li >\n\t<a href='?page_no=14914'>Next<\/a>\n\t<\/li>\n\n\n    \n\n<li><a href='?page_no=37000'>Last &rsaquo;&rsaquo;<\/a><\/li>\n\n<\/ul>\n\n\n--><br \/>\n<\/body><\/p>\n","protected":false},"excerpt":{"rendered":"<p>Santo Domingo RD 4 agosto.- Para el alto dirigente del Partido de la Liberaci\u00f3n Dominicana (PLD), ingeniero Tem\u00edstocles Mont\u00e1s, est\u00e1 m\u00e1s que claro que el presidente Danilo Medina no va a buscar la reelecci\u00f3n presidencial porque est\u00e1 prohibida constitucionalmente y \u00e9l se opuso a ella cuando estaba permitida en 2008. \u00abDanilo se opuso a la [&hellip;]<\/p>\n","protected":false},"author":3,"featured_media":0,"comment_status":"open","ping_status":"open","sticky":false,"template":"","format":"standard","meta":{"footnotes":""},"categories":[22],"tags":[],"class_list":["post-162515","post","type-post","status-publish","format-standard","hentry","category-politica"],"_links":{"self":[{"href":"https:\/\/diariodominicano.com\/index.php?rest_route=\/wp\/v2\/posts\/162515","targetHints":{"allow":["GET"]}}],"collection":[{"href":"https:\/\/diariodominicano.com\/index.php?rest_route=\/wp\/v2\/posts"}],"about":[{"href":"https:\/\/diariodominicano.com\/index.php?rest_route=\/wp\/v2\/types\/post"}],"author":[{"embeddable":true,"href":"https:\/\/diariodominicano.com\/index.php?rest_route=\/wp\/v2\/users\/3"}],"replies":[{"embeddable":true,"href":"https:\/\/diariodominicano.com\/index.php?rest_route=%2Fwp%2Fv2%2Fcomments&post=162515"}],"version-history":[{"count":0,"href":"https:\/\/diariodominicano.com\/index.php?rest_route=\/wp\/v2\/posts\/162515\/revisions"}],"wp:attachment":[{"href":"https:\/\/diariodominicano.com\/index.php?rest_route=%2Fwp%2Fv2%2Fmedia&parent=162515"}],"wp:term":[{"taxonomy":"category","embeddable":true,"href":"https:\/\/diariodominicano.com\/index.php?rest_route=%2Fwp%2Fv2%2Fcategories&post=162515"},{"taxonomy":"post_tag","embeddable":true,"href":"https:\/\/diariodominicano.com\/index.php?rest_route=%2Fwp%2Fv2%2Ftags&post=162515"}],"curies":[{"name":"wp","href":"https:\/\/api.w.org\/{rel}","templated":true}]}}