{"id":162514,"date":"2014-08-04T18:16:27","date_gmt":"2014-08-04T18:16:27","guid":{"rendered":"http:\/\/diariodominicano.ddns.net\/?p=162514"},"modified":"2014-08-04T18:16:27","modified_gmt":"2014-08-04T18:16:27","slug":"prd-sugiere-protocolo-de-aplicacion-reglamento-ley-naturalizacion-envia-propuesta-a-presidente-medina","status":"publish","type":"post","link":"https:\/\/diariodominicano.com\/?p=162514","title":{"rendered":"PRD sugiere protocolo de aplicaci\u00f3n Reglamento Ley Naturalizaci\u00f3n; env\u00eda propuesta a Presidente Medina"},"content":{"rendered":"<p><body><\/p>\n<p><img decoding=\"async\" src=\"img3\/casanova 4.jpg\" \/>  <\/p>\n<p><span class=\"text1noticias\">Santo Domingo RD 4 agosto de 2014.- El Partido Revolucionario Dominicano (PRD), plante\u00f3 este lunes al Gobierno que establezca un protocolo de aplicaci\u00f3n del Reglamento de la Ley 169-14, que este supervisado por una comisi\u00f3n de monitoreo y evaluaci\u00f3n de los casos sometidos al proceso de naturalizaci\u00f3n y regularizaci\u00f3n con el objetivo de exigir el \u00abm\u00e1s estricto cumplimiento con una pol\u00edtica de transparencia, justicia y sanidad de todos los casos\u00bb.<\/span><\/p>\n<p><span class=\"text1noticias\"> <\/span><\/p>\n<p><span class=\"text1noticias\">La propuesta del PRD est\u00e1 contenida en la misiva enviada al presidente de la Rep\u00fablica, Danilo Medina, por Miguel Vargas Maldonado, v\u00eda el consultor jur\u00eddico del Poder Ejecutivo, C\u00e9sar Pina Toribio.<\/span><\/p>\n<\/p>\n<p><strong><span class=\"text1noticias\">PRD entrega a Consultor Jur\u00eddico recomendaciones sobre Reglamento Ley 169-14<\/span><\/strong><\/p>\n<\/p>\n<p><span class=\"text1noticias\">Una  comisi\u00f3n del Partido Revolucionario Dominicano (PRD) visit\u00f3  al consultor jur\u00eddico del Poder Ejecutivo, C\u00e9sar Pina Toribio, a quien entreg\u00f3 un documento con sus recomendaciones sobre el Reglamento 250-14 de aplicaci\u00f3n a la Ley 169-14.<\/span><\/p>\n<\/p>\n<p><span class=\"text1noticias\">La comisi\u00f3n perrede\u00edsta estuvo integrada por los juristas Jos\u00e9 Miguel V\u00e1squez, Salim Ibarra, el ex senador C\u00e9sar Santiago Rutinel (Tunty) y el diputado V\u00edctor G\u00f3mez Casanova, quien hizo de vocero.<\/span><\/p>\n<\/p>\n<p><span class=\"text1noticias\">Al ofrecer declaraciones en el Sal\u00f3n Orlando Mart\u00ednez, del Palacio Nacional, G\u00f3mez Casanova explic\u00f3 que en las recomendaciones hay diez puntos de inter\u00e9s para el Reglamento y que fueron consensuadas en consultas hechas por juristas de la organizaci\u00f3n opositora con distintos estamentos de la sociedad civil.<\/span><\/p>\n<\/p>\n<p><span class=\"text1noticias\">Al  dar lectura al documento, en el Sal\u00f3n Orlando Mart\u00ednez del Palacio Nacional, dijo que las propuestas sometidas al mandatario est\u00e1n compuestas por un pliego de 10 puntos.<\/span><\/p>\n<p><span class=\"text1noticias\"> <\/span><\/p>\n<p><span class=\"text1noticias\">G\u00f3mez Ley\u00f3 tres puntos de la misiva, y anunci\u00f3 que el documento  ser\u00e1 remitido  a los directores de medios de comunicaci\u00f3n; en segundo punto refiere a que \u00abla referida comisi\u00f3n de monitoreo y evaluaci\u00f3n est\u00e9 compuesta por un representante de la iglesia Cat\u00f3lica, por un representante de las iglesias Evang\u00e9licas, por cinco representantes de la sociedad civil designados por la Fundaci\u00f3n Institucionalidad y Justicia-Finjus-, por la Fundaci\u00f3n Justicia y Transparencia, por la Alianza Dominicana Contra la Corrupci\u00f3n, Participaci\u00f3n Ciudadana y por el Consejo Nacional de la Empresa Privada-Conep-\u00ab.<\/span><\/p>\n<p><span class=\"text1noticias\"> <\/span><\/p>\n<p><span class=\"text1noticias\">Adem\u00e1s, la comisi\u00f3n debe estar integrada por un representante de la Comisi\u00f3n de los Derechos Humanos y tres representantes de los directores de medios de comunicaci\u00f3n, en conjunto con un representante por cada partido con presencia en el Congreso Nacional.<\/span><\/p>\n<p><span class=\"text1noticias\"> <\/span><\/p>\n<p><span class=\"text1noticias\">Asimismo, el PRD le solicita al mandatario  que la direcci\u00f3n ejecutiva que establece el decreto 250-14, en su art\u00edculo 6 sobre la unidad de aplicaci\u00f3n, adem\u00e1s del viceministro de Interior y Polic\u00eda, para los fines de las investigaciones se haga asistir del Departamento de Inspector\u00eda de la Junta Central Electoral y del Ministerio P\u00fablico para evitar contradicciones interinstitucionales.<\/span><\/p>\n<p><span class=\"text1noticias\"> <\/span><\/p>\n<p><span class=\"text1noticias\">Tambi\u00e9n proponen que para los fines de comprobar la condici\u00f3n de extranjero o extranjera, entre los medios de prueba, se incluya la solicitud de un documento de identidad personal del pa\u00eds de origen a por lo menos uno de los padres del solicitante.<\/span><\/p>\n<p><span class=\"text1noticias\"> <\/span><\/p>\n<p><span class=\"text1noticias\">La comisi\u00f3n que estuvo en el Palacio Nacional la integraron adem\u00e1s de G\u00f3mez Casanova, los dirigentes perrede\u00edstas Salim Ibarra, director Legal; Jos\u00e9 Miguel V\u00e1squez Garc\u00eda, experto en migraci\u00f3n y delegado ante la JCE, y Tonty Rutinel Dom\u00ednguez, autor de la Ley General de Migraci\u00f3n.<\/span><\/p>\n<\/p>\n<\/p>\n<h6> 2014-08-04 18:16:27 <\/h6>\n<p><!--\n<link rel=\"stylesheet\" href=\"css\/bootstrap.min.css\">\n\n\n<ul class=\"pagination\">\n\t    \n\t\n\n<li >\n\t<a href='?page_no=14911'>Previous<\/a>\n\t<\/li>\n\n\n       \n    \n\n<li><a href='?page_no=1'>1<\/a><\/li>\n\n\n\n<li><a href='?page_no=2'>2<\/a><\/li>\n\n\n\n<li><a>...<\/a><\/li>\n\n\n\n<li><a href='?page_no=14910'>14910<\/a><\/li>\n\n\n\n<li><a href='?page_no=14911'>14911<\/a><\/li>\n\n\n\n<li class='active'><a>14912<\/a><\/li>\n\n\n\n<li><a href='?page_no=14913'>14913<\/a><\/li>\n\n\n\n<li><a href='?page_no=14914'>14914<\/a><\/li>\n\n\n\n<li><a>...<\/a><\/li>\n\n\n\n<li><a href='?page_no=36999'>36999<\/a><\/li>\n\n\n\n<li><a href='?page_no=37000'>37000<\/a><\/li>\n\n    \n\t\n\n<li >\n\t<a href='?page_no=14913'>Next<\/a>\n\t<\/li>\n\n\n    \n\n<li><a href='?page_no=37000'>Last &rsaquo;&rsaquo;<\/a><\/li>\n\n<\/ul>\n\n\n--><br \/>\n<\/body><\/p>\n","protected":false},"excerpt":{"rendered":"<p>Santo Domingo RD 4 agosto de 2014.- El Partido Revolucionario Dominicano (PRD), plante\u00f3 este lunes al Gobierno que establezca un protocolo de aplicaci\u00f3n del Reglamento de la Ley 169-14, que este supervisado por una comisi\u00f3n de monitoreo y evaluaci\u00f3n de los casos sometidos al proceso de naturalizaci\u00f3n y regularizaci\u00f3n con el objetivo de exigir el [&hellip;]<\/p>\n","protected":false},"author":3,"featured_media":0,"comment_status":"open","ping_status":"open","sticky":false,"template":"","format":"standard","meta":{"footnotes":""},"categories":[22],"tags":[],"class_list":["post-162514","post","type-post","status-publish","format-standard","hentry","category-politica"],"_links":{"self":[{"href":"https:\/\/diariodominicano.com\/index.php?rest_route=\/wp\/v2\/posts\/162514","targetHints":{"allow":["GET"]}}],"collection":[{"href":"https:\/\/diariodominicano.com\/index.php?rest_route=\/wp\/v2\/posts"}],"about":[{"href":"https:\/\/diariodominicano.com\/index.php?rest_route=\/wp\/v2\/types\/post"}],"author":[{"embeddable":true,"href":"https:\/\/diariodominicano.com\/index.php?rest_route=\/wp\/v2\/users\/3"}],"replies":[{"embeddable":true,"href":"https:\/\/diariodominicano.com\/index.php?rest_route=%2Fwp%2Fv2%2Fcomments&post=162514"}],"version-history":[{"count":0,"href":"https:\/\/diariodominicano.com\/index.php?rest_route=\/wp\/v2\/posts\/162514\/revisions"}],"wp:attachment":[{"href":"https:\/\/diariodominicano.com\/index.php?rest_route=%2Fwp%2Fv2%2Fmedia&parent=162514"}],"wp:term":[{"taxonomy":"category","embeddable":true,"href":"https:\/\/diariodominicano.com\/index.php?rest_route=%2Fwp%2Fv2%2Fcategories&post=162514"},{"taxonomy":"post_tag","embeddable":true,"href":"https:\/\/diariodominicano.com\/index.php?rest_route=%2Fwp%2Fv2%2Ftags&post=162514"}],"curies":[{"name":"wp","href":"https:\/\/api.w.org\/{rel}","templated":true}]}}