{"id":162513,"date":"2014-08-04T18:33:40","date_gmt":"2014-08-04T18:33:40","guid":{"rendered":"http:\/\/diariodominicano.ddns.net\/?p=162513"},"modified":"2014-08-04T18:33:40","modified_gmt":"2014-08-04T18:33:40","slug":"pld-en-provincia-hermanas-mirabal-reconoce-a-militantes-del-pld-de-larga-data","status":"publish","type":"post","link":"https:\/\/diariodominicano.com\/?p=162513","title":{"rendered":"&#13;PLD en provincia Hermanas Mirabal reconoce a militantes del PLD de larga data&#13;"},"content":{"rendered":"<p><body><\/p>\n<p><img decoding=\"async\" src=\"img3\/reconocimiento.jpg\" \/>  <\/p>\n<\/p>\n<p><span class=\"text1noticias\"> <\/span><\/p>\n<p><span class=\"text1noticias\">Santo Domingo, RD, 4 de agosto.- El Partido de la Liberaci\u00f3n Dominicana  (PLD) en la provincia Hermanas Mirabal reconoci\u00f3 el trabajo, esfuerzo y dedicaci\u00f3n de unos 30 dirigentes de esa organizaci\u00f3n en los municipios Salcedo, Tenares y Villa Tapia.<\/span><\/p>\n<p><span class=\"text1noticias\"> <\/span><\/p>\n<p><span class=\"text1noticias\">En un acto realizado en el local del Comit\u00e9 Provincial, el Presidente del PLD, Jos\u00e9 Rodr\u00edguez Aybar,  en nombre de la direcci\u00f3n pol\u00edtica de la provincia entreg\u00f3 un certificado y una carta en la que se valora el empe\u00f1o militante de las y los reconocidos.<\/span><\/p>\n<p><span class=\"text1noticias\"> <\/span><\/p>\n<p><span class=\"text1noticias\">\u00abConocemos de su militancia sin claudicaci\u00f3n, sin pasar  facturas y sin debilidades. En  mi calidad de Presidente del Partido de la Liberaci\u00f3n Dominicana (PLD) en la provincia Hermanas Mirabal, les  reconocemos por ser un peledeista autentico, constante, valiente y disciplinado\u00bb dijo Rodr\u00edguez Aybar reconociendo los dirigentes de la provincia.<\/span><\/p>\n<p><span class=\"text1noticias\"> <\/span><\/p>\n<p><span class=\"text1noticias\">De Salcedo fueron reconocidos Luis Cruz, Roberto Yaport, Calazan Lay, Ramona Taveras, Yudith Ruiz, Ram\u00f3n Moreta, Pablo P\u00e1ez, Juan V\u00e1squez, Modesto Abreu, Juanito Gonz\u00e1les, Luis Yaport, Andrea Checo, Herminio Padr\u00f3n, Rosa Elba Franco, entre otros. De Tenares Juvenal D\u00edaz, Pedro Hidalgo, Aleja Rodr\u00edguez, Fernando Vel\u00e1squez, Martha Celis Fern\u00e1ndez y Loly Fern\u00e1ndez. De Villa Tapia fueron reconocidos Aridio C\u00e1ceres, Lidia Cabral, Delf\u00edn N\u00fa\u00f1ez, Daniel Ferreira, Aridio Tejada, Tom\u00e1s de la Cruz, Rosana Marte, Lidia Marte y Juan Jos\u00e9 Garc\u00eda, entre otros.<\/span><\/p>\n<p><span class=\"text1noticias\"> <\/span><\/p>\n<p><span class=\"text1noticias\">Para la entrega de los pergaminos se realiz\u00f3 un acto el local del PLD en Salcedo con una masiva participaci\u00f3n de los miembros de esa organizaci\u00f3n en la comunidad.<\/span><\/p>\n<p><span class=\"text1noticias\"> <\/span><\/p>\n<p><span class=\"text1noticias\">\u00abSe hace urgente que aquellos que no hemos claudicados ni pensamos claudicar, aun con los a\u00f1os encima, sobrellevemos  esta  batalla de fortalecimiento institucional, aunque para esto sea necesario agotar nuestro \u00faltimo aliento\u00bb concluy\u00f3 Rodr\u00edguez Aybar sus palabras.<\/span><\/p>\n<h6> 2014-08-04 18:33:40 <\/h6>\n<p><!--\n<link rel=\"stylesheet\" href=\"css\/bootstrap.min.css\">\n\n\n<ul class=\"pagination\">\n\t    \n\t\n\n<li >\n\t<a href='?page_no=14910'>Previous<\/a>\n\t<\/li>\n\n\n       \n    \n\n<li><a href='?page_no=1'>1<\/a><\/li>\n\n\n\n<li><a href='?page_no=2'>2<\/a><\/li>\n\n\n\n<li><a>...<\/a><\/li>\n\n\n\n<li><a href='?page_no=14909'>14909<\/a><\/li>\n\n\n\n<li><a href='?page_no=14910'>14910<\/a><\/li>\n\n\n\n<li class='active'><a>14911<\/a><\/li>\n\n\n\n<li><a href='?page_no=14912'>14912<\/a><\/li>\n\n\n\n<li><a href='?page_no=14913'>14913<\/a><\/li>\n\n\n\n<li><a>...<\/a><\/li>\n\n\n\n<li><a href='?page_no=36999'>36999<\/a><\/li>\n\n\n\n<li><a href='?page_no=37000'>37000<\/a><\/li>\n\n    \n\t\n\n<li >\n\t<a href='?page_no=14912'>Next<\/a>\n\t<\/li>\n\n\n    \n\n<li><a href='?page_no=37000'>Last &rsaquo;&rsaquo;<\/a><\/li>\n\n<\/ul>\n\n\n--><br \/>\n<\/body><\/p>\n","protected":false},"excerpt":{"rendered":"<p>Santo Domingo, RD, 4 de agosto.- El Partido de la Liberaci\u00f3n Dominicana (PLD) en la provincia Hermanas Mirabal reconoci\u00f3 el trabajo, esfuerzo y dedicaci\u00f3n de unos 30 dirigentes de esa organizaci\u00f3n en los municipios Salcedo, Tenares y Villa Tapia. En un acto realizado en el local del Comit\u00e9 Provincial, el Presidente del PLD, Jos\u00e9 Rodr\u00edguez [&hellip;]<\/p>\n","protected":false},"author":3,"featured_media":0,"comment_status":"open","ping_status":"open","sticky":false,"template":"","format":"standard","meta":{"footnotes":""},"categories":[22],"tags":[],"class_list":["post-162513","post","type-post","status-publish","format-standard","hentry","category-politica"],"_links":{"self":[{"href":"https:\/\/diariodominicano.com\/index.php?rest_route=\/wp\/v2\/posts\/162513","targetHints":{"allow":["GET"]}}],"collection":[{"href":"https:\/\/diariodominicano.com\/index.php?rest_route=\/wp\/v2\/posts"}],"about":[{"href":"https:\/\/diariodominicano.com\/index.php?rest_route=\/wp\/v2\/types\/post"}],"author":[{"embeddable":true,"href":"https:\/\/diariodominicano.com\/index.php?rest_route=\/wp\/v2\/users\/3"}],"replies":[{"embeddable":true,"href":"https:\/\/diariodominicano.com\/index.php?rest_route=%2Fwp%2Fv2%2Fcomments&post=162513"}],"version-history":[{"count":0,"href":"https:\/\/diariodominicano.com\/index.php?rest_route=\/wp\/v2\/posts\/162513\/revisions"}],"wp:attachment":[{"href":"https:\/\/diariodominicano.com\/index.php?rest_route=%2Fwp%2Fv2%2Fmedia&parent=162513"}],"wp:term":[{"taxonomy":"category","embeddable":true,"href":"https:\/\/diariodominicano.com\/index.php?rest_route=%2Fwp%2Fv2%2Fcategories&post=162513"},{"taxonomy":"post_tag","embeddable":true,"href":"https:\/\/diariodominicano.com\/index.php?rest_route=%2Fwp%2Fv2%2Ftags&post=162513"}],"curies":[{"name":"wp","href":"https:\/\/api.w.org\/{rel}","templated":true}]}}