{"id":162509,"date":"2014-08-05T04:02:42","date_gmt":"2014-08-05T04:02:42","guid":{"rendered":"http:\/\/diariodominicano.ddns.net\/?p=162509"},"modified":"2014-08-05T04:02:42","modified_gmt":"2014-08-05T04:02:42","slug":"levantan-paro-en-jaquimeyes-tras-acuerdo-con-autoridades","status":"publish","type":"post","link":"https:\/\/diariodominicano.com\/?p=162509","title":{"rendered":"&#13;Levantan paro  en Jaquimeyes, tras acuerdo con autoridades"},"content":{"rendered":"<p><body><\/p>\n<p><img decoding=\"async\" src=\"img3\/paro00.jpg\" \/>  <\/p>\n<\/p>\n<p><span class=\"text1noticias\">POR  EMMA PEREZ<\/span><\/p>\n<\/p>\n<p><span class=\"text1noticias\">BARAHONA, RD, 4 de Agosto de 2014.- EL Comit\u00e9  de  Apoyo de   Defensa  y el  Desarrollo del  Municipio de Jaquimeyes, levant\u00f3 la  huelga  de 24  horas  que llevaba   a  cabo  este  lunes,  en  demanda de la Construcci\u00f3n   del  Vertedero de  Canoa,    luego  de una  reuni\u00f3n  con el  gobernador provincial Pedro Pe\u00f1a  Rubio,   y  el  director  regional Sur  de  la  Polic\u00eda,  general M\u00e1ximo B\u00e1ez  Aybar, en la  que  se arribaron a varios  acuerdos.<\/span><\/p>\n<p><span class=\"text1noticias\"> <\/span><\/p>\n<p><span class=\"text1noticias\">En  la  reuni\u00f3n  en la  que particip\u00f3  una  comisi\u00f3n del  referido  municipio  encabezada  por  el   presidente  del  referido Comit\u00e9 Molgan Batista y  el  secretario Manuel  Cabrera,  se  acord\u00f3  realizar un  encuentro este  jueves  07  de  agosto,   en la  citada  comunidad  con  autoridades  de  Instituto Nacional de Recursos  Hidr\u00e1ulicos (INDRHI).<\/span><\/p>\n<p><span class=\"text1noticias\"> <\/span><\/p>\n<p><span class=\"text1noticias\">Adem\u00e1s, ser\u00e1n puestas  en  libertad  las  personas  apresadas  por  la  Polic\u00eda,  durante los  enfrentamientos  escenificados  en  esta  comunidad.<\/span><\/p>\n<p><span class=\"text1noticias\"> <\/span><\/p>\n<p><span class=\"text1noticias\">El  gobernador Pedro  Pe\u00f1a  Rubio dijo  que la  reuni\u00f3n  ser\u00e1  encabezada  por  el  director  t\u00e9cnico del Proyecto Monte  Grande,  ingeniero  Leonel  Duarte, quien ofrecer\u00e1  informaciones   importantes    que  tiene  que  ver  con  el  reclamo  de los habitantes de  esa localidad.<\/span><\/p>\n<p><span class=\"text1noticias\"> <\/span><\/p>\n<p><span class=\"text1noticias\">Mientras  que   B\u00e1ez  Aybar,  se  comprometi\u00f3 a  dejar  en  libertad  a  los  apresados,  al  tiempo que   reconoci\u00f3  el   derecho  de  las  comunidades  a  exigir   demandas  sociales, pero  siempre  que se  realicen    sin  alterar  el  orden p\u00fablico,  ni  que  se  afecta  el libre tr\u00e1nsito  de  los  ciudadanos.<\/span><\/p>\n<p><span class=\"text1noticias\"> <\/span><\/p>\n<p><span class=\"text1noticias\">Ante lo planteado, los  miembros  del Comit\u00e9  y  comunitarios  de  Jaquimeyes,  decidieron   levantar  el  paro.<\/span><\/p>\n<\/p>\n<\/p>\n<\/p>\n<h6> 2014-08-05 04:02:42 <\/h6>\n<p><!--\n<link rel=\"stylesheet\" href=\"css\/bootstrap.min.css\">\n\n\n<ul class=\"pagination\">\n\t    \n\t\n\n<li >\n\t<a href='?page_no=14907'>Previous<\/a>\n\t<\/li>\n\n\n       \n    \n\n<li><a href='?page_no=1'>1<\/a><\/li>\n\n\n\n<li><a href='?page_no=2'>2<\/a><\/li>\n\n\n\n<li><a>...<\/a><\/li>\n\n\n\n<li><a href='?page_no=14906'>14906<\/a><\/li>\n\n\n\n<li><a href='?page_no=14907'>14907<\/a><\/li>\n\n\n\n<li class='active'><a>14908<\/a><\/li>\n\n\n\n<li><a href='?page_no=14909'>14909<\/a><\/li>\n\n\n\n<li><a href='?page_no=14910'>14910<\/a><\/li>\n\n\n\n<li><a>...<\/a><\/li>\n\n\n\n<li><a href='?page_no=36999'>36999<\/a><\/li>\n\n\n\n<li><a href='?page_no=37000'>37000<\/a><\/li>\n\n    \n\t\n\n<li >\n\t<a href='?page_no=14909'>Next<\/a>\n\t<\/li>\n\n\n    \n\n<li><a href='?page_no=37000'>Last &rsaquo;&rsaquo;<\/a><\/li>\n\n<\/ul>\n\n\n--><br \/>\n<\/body><\/p>\n","protected":false},"excerpt":{"rendered":"<p>POR EMMA PEREZ BARAHONA, RD, 4 de Agosto de 2014.- EL Comit\u00e9 de Apoyo de Defensa y el Desarrollo del Municipio de Jaquimeyes, levant\u00f3 la huelga de 24 horas que llevaba a cabo este lunes, en demanda de la Construcci\u00f3n del Vertedero de Canoa, luego de una reuni\u00f3n con el gobernador provincial Pedro Pe\u00f1a Rubio, [&hellip;]<\/p>\n","protected":false},"author":3,"featured_media":0,"comment_status":"open","ping_status":"open","sticky":false,"template":"","format":"standard","meta":{"footnotes":""},"categories":[22],"tags":[],"class_list":["post-162509","post","type-post","status-publish","format-standard","hentry","category-politica"],"_links":{"self":[{"href":"https:\/\/diariodominicano.com\/index.php?rest_route=\/wp\/v2\/posts\/162509","targetHints":{"allow":["GET"]}}],"collection":[{"href":"https:\/\/diariodominicano.com\/index.php?rest_route=\/wp\/v2\/posts"}],"about":[{"href":"https:\/\/diariodominicano.com\/index.php?rest_route=\/wp\/v2\/types\/post"}],"author":[{"embeddable":true,"href":"https:\/\/diariodominicano.com\/index.php?rest_route=\/wp\/v2\/users\/3"}],"replies":[{"embeddable":true,"href":"https:\/\/diariodominicano.com\/index.php?rest_route=%2Fwp%2Fv2%2Fcomments&post=162509"}],"version-history":[{"count":0,"href":"https:\/\/diariodominicano.com\/index.php?rest_route=\/wp\/v2\/posts\/162509\/revisions"}],"wp:attachment":[{"href":"https:\/\/diariodominicano.com\/index.php?rest_route=%2Fwp%2Fv2%2Fmedia&parent=162509"}],"wp:term":[{"taxonomy":"category","embeddable":true,"href":"https:\/\/diariodominicano.com\/index.php?rest_route=%2Fwp%2Fv2%2Fcategories&post=162509"},{"taxonomy":"post_tag","embeddable":true,"href":"https:\/\/diariodominicano.com\/index.php?rest_route=%2Fwp%2Fv2%2Ftags&post=162509"}],"curies":[{"name":"wp","href":"https:\/\/api.w.org\/{rel}","templated":true}]}}