{"id":162508,"date":"2014-08-05T04:30:54","date_gmt":"2014-08-05T04:30:54","guid":{"rendered":"http:\/\/diariodominicano.ddns.net\/?p=162508"},"modified":"2014-08-05T04:30:54","modified_gmt":"2014-08-05T04:30:54","slug":"pld-decide-presentar-a-cristina-lizardo-y-a-abel-martinez-para-presidir-bufetes-directivos-del-congreso-nacional","status":"publish","type":"post","link":"https:\/\/diariodominicano.com\/?p=162508","title":{"rendered":"PLD decide presentar a  Cristina Lizardo y a Abel Mart\u00ednez para presidir  bufetes directivos del Congreso Nacional"},"content":{"rendered":"<p><body><\/p>\n<p><img decoding=\"async\" src=\"img3\/crisyAbel04082014.jpg\" \/><br \/><img decoding=\"async\" src=\"img3\/LRS_5776.JPG\" \/><br \/><img decoding=\"async\" src=\"img3\/CPPLD04082014.jpg\" \/>  <\/p>\n<p><strong><span class=\"text1noticias\">Destaca que Reinaldo Pared P\u00e9rez, como lo hace en cada reuni\u00f3n, present\u00f3 el resumen de los temas tratados y las conclusiones arribadas, teniendo a su lado al Presidente de la Rep\u00fablica Danilo Medina, el Presidente del PLD, Leonel Fern\u00e1ndez, la vicepresidenta Margarita Cede\u00f1o de Fern\u00e1ndez y los seleccionados, Cristina Lizardo y Abel Mart\u00ednez. <\/span><\/strong><\/p>\n<p><strong><span class=\"text1noticias\"> \u00abA unanimidad fueron escogidos la compa\u00f1era Cristina Lizardo para la Presidencia del Senado de la Rep\u00fablica y el compa\u00f1ero Francis Vargas, senador por la provincia Puerto Plata para ser vicepresidente en el periodo comprendido del 16 agosto 2014-16 de agosto 2015\u00bb declar\u00f3 Pared P\u00e9rez en lo que concierne a la c\u00e1mara alta.<\/span><\/strong><\/p>\n<\/p>\n<p><span class=\"text1noticias\">SANTO DOMINGO, 5 de Agosto de 2014.- El Partido de la Liberaci\u00f3n Dominicana (PLD) presentar\u00e1 el pr\u00f3ximo d\u00eda 16 a los miembros del Comit\u00e9 Pol\u00edtico de esa organizaci\u00f3n Cristina Lizardo y Abel Mart\u00ednez para presidir el Senado de la Rep\u00fablica y la C\u00e1mara de Diputados, respectivamente. <\/span><\/p>\n<p><span class=\"text1noticias\"> <\/span><\/p>\n<p><span class=\"text1noticias\">Esa decisi\u00f3n la adopt\u00f3 el Comit\u00e9 Pol\u00edtico pelede\u00edsta en su reuni\u00f3n ordinaria de la noche este lunes,  la que se realiz\u00f3 con una asistencia de 34 de los 35 miembros de ese organismo en el sal\u00f3n Profesor Juan Bosch de la Oficina Presidencial, precisa una nota informativa de la Secretar\u00eda de Comunicaciones del PLD.<\/span><\/p>\n<p><span class=\"text1noticias\"> <\/span><\/p>\n<p><span class=\"text1noticias\">Destaca que Reinaldo Pared P\u00e9rez, como lo hace en cada reuni\u00f3n, present\u00f3 el resumen de los temas tratados y las conclusiones arribadas, teniendo a su lado al Presidente de la Rep\u00fablica Danilo Medina, el Presidente del PLD, Leonel Fern\u00e1ndez, la vicepresidenta Margarita Cede\u00f1o de Fern\u00e1ndez y los seleccionados, Cristina Lizardo y Abel Mart\u00ednez. <\/span><\/p>\n<p><span class=\"text1noticias\"> <\/span><\/p>\n<p><span class=\"text1noticias\">\u00abA unanimidad fueron escogidos la compa\u00f1era Cristina Lizardo para la Presidencia del Senado de la Rep\u00fablica y el compa\u00f1ero Francis Vargas, senador por la provincia Puerto Plata para ser vicepresidente en el periodo comprendido del 16 agosto 2014-16 de agosto 2015\u00bb declar\u00f3 Pared P\u00e9rez en lo que concierne a la c\u00e1mara alta.<\/span><\/p>\n<p><span class=\"text1noticias\"> <\/span><\/p>\n<p><span class=\"text1noticias\">Con relaci\u00f3n a la C\u00e1mara de Diputados anunci\u00f3 que propondr\u00e1n que se mantenga en la presidencia y vicepresidencia el actual binomio dirigencial \u00abde manera un\u00e1nime se reiter\u00f3 los actuales incumbentes,  es decir en la persona de Abel Mart\u00ednez para que siga de presidente de la C\u00e1mara de Diputados y Lucia Medina (Yomaira) como vicepresidenta\u00bb.<\/span><\/p>\n<p><span class=\"text1noticias\"> <\/span><\/p>\n<p><span class=\"text1noticias\">Previo a las explicaciones sobre la elecci\u00f3n realizada el propio Pared P\u00e9rez inform\u00f3  que el  Comit\u00e9 Pol\u00edtico favoreci\u00f3, a propuesta de Francisco Javier Garc\u00eda,  un reconocimiento a su persona  por la labor desempe\u00f1ada en la Presidencia del Senado de la Rep\u00fablica en ocho a\u00f1os de gesti\u00f3n al frente de la c\u00e1mara alta.<\/span><\/p>\n<p><span class=\"text1noticias\"> <\/span><\/p>\n<p><span class=\"text1noticias\">Al momento de informar ese punto se produjo un aplauso de los presentes tal y como lo solicit\u00f3 Euclides Guti\u00e9rrez F\u00e9lix.<\/span><\/p>\n<p><span class=\"text1noticias\"> <\/span><\/p>\n<p><span class=\"text1noticias\">El Presidente de la Rep\u00fablica, Danilo Medina, el Presidente del PLD, Leonel Fern\u00e1ndez, Reinaldo Pared P\u00e9rez, secretario general, Margarita Cede\u00f1o de Fern\u00e1ndez, vicepresidenta de la Rep\u00fablica encabezaron  el encuentro, que inici\u00f3 diez minutos despu\u00e9s de las ocho de la noche y termin\u00f3 a las 10 y cinco minutos con la presentaci\u00f3n de las conclusiones.<\/span><\/p>\n<p><span class=\"text1noticias\"> <\/span><\/p>\n<p><span class=\"text1noticias\">Despu\u00e9s que fot\u00f3grafos y camar\u00f3grafos captaron las im\u00e1genes para sus respectivos medios,  antes del inicio de la reuni\u00f3n,  se pas\u00f3 al punto de los informes con el que inician las reuniones ordinarias del PLD y el desarrollo de la agenda.<\/span><\/p>\n<p><span class=\"text1noticias\"> <\/span><\/p>\n<p><span class=\"text1noticias\">El Comit\u00e9 Pol\u00edtico decidi\u00f3 designar una comisi\u00f3n coordinada por Reinaldo Pared P\u00e9rez, Lidio Cadet, Radham\u00e9s Jim\u00e9nez y Ram\u00f3n (Monchy) Rodr\u00edguez, secretario de los Asuntos legislativos del PLD,  para que convoquen a ambas bancadas del PLD en el Congreso y escojan los secretarios o secretarias de los bufetes y los voceros y vicevoceros de los bloques parlamentarios.<\/span><\/p>\n<p><span class=\"text1noticias\"> <\/span><\/p>\n<p><span class=\"text1noticias\">Record\u00f3 Reinaldo Pared P\u00e9rez que los bufetes de las c\u00e1maras est\u00e1n compuestos por la presidencia, vicepresidencia y dos secretarios o secretarias.<\/span><\/p>\n<p><span class=\"text1noticias\"> <\/span><\/p>\n<p><span class=\"text1noticias\">Con relaci\u00f3n a la elecci\u00f3n de las salas capitulares, Pared P\u00e9rez inform\u00f3 que el PLD se acoge a la tradici\u00f3n de inclinarse por la regla de oro de la municipalidad, que es escoger el Presidente o Presidenta  de la sala que presente el alcalde o alcaldesa el d\u00eda 16 de agosto, fecha en que se produce la renovaci\u00f3n de las direcciones de las salas capitulares.<\/span><\/p>\n<p><span class=\"text1noticias\"> <\/span><\/p>\n<p><span class=\"text1noticias\">Una gran parte de las comisiones designadas en la pasada reuni\u00f3n del 7 julio para redactar reglamentos internos y recomendar la aplicaci\u00f3n de las resoluciones del VIII Congreso Ordinario Comandante Norge Botello, presentaron sus informes a cada uno de los integrantes de ese organismo de direcci\u00f3n y se dej\u00f3 para conocerse en la pr\u00f3xima reuni\u00f3n del Comit\u00e9 Pol\u00edtico. <\/span><\/p>\n<\/p>\n<\/p>\n<\/p>\n<h6> 2014-08-05 04:30:54 <\/h6>\n<p><!--\n<link rel=\"stylesheet\" href=\"css\/bootstrap.min.css\">\n\n\n<ul class=\"pagination\">\n\t    \n\t\n\n<li >\n\t<a href='?page_no=14906'>Previous<\/a>\n\t<\/li>\n\n\n       \n    \n\n<li><a href='?page_no=1'>1<\/a><\/li>\n\n\n\n<li><a href='?page_no=2'>2<\/a><\/li>\n\n\n\n<li><a>...<\/a><\/li>\n\n\n\n<li><a href='?page_no=14905'>14905<\/a><\/li>\n\n\n\n<li><a href='?page_no=14906'>14906<\/a><\/li>\n\n\n\n<li class='active'><a>14907<\/a><\/li>\n\n\n\n<li><a href='?page_no=14908'>14908<\/a><\/li>\n\n\n\n<li><a href='?page_no=14909'>14909<\/a><\/li>\n\n\n\n<li><a>...<\/a><\/li>\n\n\n\n<li><a href='?page_no=36999'>36999<\/a><\/li>\n\n\n\n<li><a href='?page_no=37000'>37000<\/a><\/li>\n\n    \n\t\n\n<li >\n\t<a href='?page_no=14908'>Next<\/a>\n\t<\/li>\n\n\n    \n\n<li><a href='?page_no=37000'>Last &rsaquo;&rsaquo;<\/a><\/li>\n\n<\/ul>\n\n\n--><br \/>\n<\/body><\/p>\n","protected":false},"excerpt":{"rendered":"<p>Destaca que Reinaldo Pared P\u00e9rez, como lo hace en cada reuni\u00f3n, present\u00f3 el resumen de los temas tratados y las conclusiones arribadas, teniendo a su lado al Presidente de la Rep\u00fablica Danilo Medina, el Presidente del PLD, Leonel Fern\u00e1ndez, la vicepresidenta Margarita Cede\u00f1o de Fern\u00e1ndez y los seleccionados, Cristina Lizardo y Abel Mart\u00ednez. \u00abA unanimidad [&hellip;]<\/p>\n","protected":false},"author":3,"featured_media":0,"comment_status":"open","ping_status":"open","sticky":false,"template":"","format":"standard","meta":{"footnotes":""},"categories":[22],"tags":[],"class_list":["post-162508","post","type-post","status-publish","format-standard","hentry","category-politica"],"_links":{"self":[{"href":"https:\/\/diariodominicano.com\/index.php?rest_route=\/wp\/v2\/posts\/162508","targetHints":{"allow":["GET"]}}],"collection":[{"href":"https:\/\/diariodominicano.com\/index.php?rest_route=\/wp\/v2\/posts"}],"about":[{"href":"https:\/\/diariodominicano.com\/index.php?rest_route=\/wp\/v2\/types\/post"}],"author":[{"embeddable":true,"href":"https:\/\/diariodominicano.com\/index.php?rest_route=\/wp\/v2\/users\/3"}],"replies":[{"embeddable":true,"href":"https:\/\/diariodominicano.com\/index.php?rest_route=%2Fwp%2Fv2%2Fcomments&post=162508"}],"version-history":[{"count":0,"href":"https:\/\/diariodominicano.com\/index.php?rest_route=\/wp\/v2\/posts\/162508\/revisions"}],"wp:attachment":[{"href":"https:\/\/diariodominicano.com\/index.php?rest_route=%2Fwp%2Fv2%2Fmedia&parent=162508"}],"wp:term":[{"taxonomy":"category","embeddable":true,"href":"https:\/\/diariodominicano.com\/index.php?rest_route=%2Fwp%2Fv2%2Fcategories&post=162508"},{"taxonomy":"post_tag","embeddable":true,"href":"https:\/\/diariodominicano.com\/index.php?rest_route=%2Fwp%2Fv2%2Ftags&post=162508"}],"curies":[{"name":"wp","href":"https:\/\/api.w.org\/{rel}","templated":true}]}}