{"id":162507,"date":"2014-08-05T05:26:01","date_gmt":"2014-08-05T05:26:01","guid":{"rendered":"http:\/\/diariodominicano.ddns.net\/?p=162507"},"modified":"2014-08-05T05:26:01","modified_gmt":"2014-08-05T05:26:01","slug":"consideran-no-todos-los-reformistas-deberian-continuar-en-el-gobierno","status":"publish","type":"post","link":"https:\/\/diariodominicano.com\/?p=162507","title":{"rendered":"Consideran no todos los reformistas deber\u00edan continuar en el Gobierno"},"content":{"rendered":"<p><body><\/p>\n<p><img decoding=\"async\" src=\"img3\/balan00.jpg\" \/>  <\/p>\n<p><span class=\"text1noticias\">               <\/span><\/p>\n<p><span class=\"text1noticias\">Por Raldy Rodr\u00edguez<\/span><\/p>\n<p><span class=\"text1noticias\"> <\/span><\/p>\n<p><span class=\"text1noticias\">NUEVA YORK, 5 de Agosto de 2014.- La direcci\u00f3n de la Comisi\u00f3n Ejecutiva del movimiento pol\u00edtico \u00abBalagueristas Siempre\u00bb consider\u00f3 que no todos los reformistas deber\u00edan continuar con funciones en el  Gobierno del presidente Danilo Medina, debido a que muchos de ellos est\u00e1n dedicados a levantar proyectos pol\u00edticos extra partido \u00abcuestionables\u00bb y a beneficiarse de manera personal de los cargos que tienen, descuidando as\u00ed las responsabilidades que conllevan dichas tareas para bien del pa\u00eds.<\/span><\/p>\n<p><span class=\"text1noticias\"> <\/span><\/p>\n<p><span class=\"text1noticias\">El presidente de \u00abBalagueristas Siempre\u00bb, Ram\u00f3n Mercedes, hablando a nombre de los dem\u00e1s, expres\u00f3 que ellos disienten del planteamiento del presidente de las Comisiones T\u00e9cnicas del Partido Reformista Social Cristiano (PRSC), ingeniero Guillermo Caram, de que los reformistas que ostentan cargos p\u00fablicos deben continuar en los mismos para evitar que el gobierno se desestabilice.<\/span><\/p>\n<p><span class=\"text1noticias\"> <\/span><\/p>\n<p><span class=\"text1noticias\">Mercedes precis\u00f3 que hay reformistas que est\u00e1n haciendo bien su trabajo, pero otros con su accionar s\u00ed que est\u00e1n desestabilizando o queriendo desestabilizar el gobierno del presidente Medina, sin embargo no quiso identificarlos, pues dijo que todo el mundo los conoce dentro del PRSC y en el pa\u00eds.<\/span><\/p>\n<p><span class=\"text1noticias\"> <\/span><\/p>\n<p><span class=\"text1noticias\">El dirigente pol\u00edtico destac\u00f3 la probidad del ingeniero Caram, pero dijo que en nuestro pa\u00eds hay pol\u00edticos que desear\u00edan que las cosas permanezcan inm\u00f3viles, porque se sienten c\u00f3modos en la injusticia que les beneficia y se han enriquecido con el privilegio, pero ante esa situaci\u00f3n record\u00f3 al mandatario cuando proclam\u00f3 \u00abquiero ser presidente para corregir lo que est\u00e1 mal; continuar con lo que est\u00e1 bien y hacer lo que nunca se ha hecho\u00bb.<\/span><\/p>\n<p><span class=\"text1noticias\"> <\/span><\/p>\n<p><span class=\"text1noticias\">Asimismo su compromiso de \u00abque gobernar\u00e1 el pa\u00eds con los mejores hombres y mujeres, sin importar su credo o color pol\u00edtico\u00bb, y que \u00abel ataque, la divisi\u00f3n, la guerra sucia, los intereses particulares y la peque\u00f1a batalla por el poder, no tendr\u00e1n espacio\u00bb en su gobierno, porque su forma de entender la pol\u00edtica es diferente a la tradicional, porque es \u00abun hombre de di\u00e1logo, pero firme en sus principios\u00bb.<\/span><\/p>\n<p><span class=\"text1noticias\"> <\/span><\/p>\n<p><span class=\"text1noticias\">El dirigente balaguerista sostuvo que el gobierno tiene absoluta estabilidad y el pueblo dominicano la terminar\u00e1 de tener cuando el mandatario con su obra, iniciada hace dos a\u00f1os y concluya en unos cuantos m\u00e1s, finalice de pagar la deuda social que el Estado tiene contra\u00edda con el pueblo, y por eso ha venido impulsando las transformaciones hacia un desarrollo econ\u00f3mico sostenido con equidad social y resolviendo los problemas fundamentales del pa\u00eds, tales como educaci\u00f3n, pobreza, salud, agricultura, desempleo, inseguridad ciudadana, viviendas y electrificaci\u00f3n, entre otros.<\/span><\/p>\n<p><span class=\"text1noticias\"> <\/span><\/p>\n<p><span class=\"text1noticias\">Especific\u00f3 que hoy en d\u00eda la Rep\u00fablica Dominicana est\u00e1 sobresaliendo entre muchos pa\u00edses del mundo frente a los principales l\u00edderes del planeta como el papa Francisco, el secretario general de la ONU, Ban Ki Moon; el vicepresidente de los EEUU, Joseph Biden y el presidente del Consejo de la Uni\u00f3n Europea, Herman Van Rompuy, por la sapiencia en pol\u00edtica exterior del presidente Medina, a quien ellos han felicitado por su buen gobierno y no por las excelentes relaciones internacionales con filiaci\u00f3n democristiana, como dijera el ingeniero Caram.<\/span><\/p>\n<p><span class=\"text1noticias\"> <\/span><\/p>\n<p><span class=\"text1noticias\">\u00abSon hechos, no palabras\u00bb, reza la m\u00e1xima latina, al igual que el precepto b\u00edblico en Mateo 7:16 \u00abpor sus frutos los conocer\u00e9is\u00bb, concluy\u00f3 el dirigente balaguerista en la Gran Manzana.<\/span><\/p>\n<p><span class=\"text1noticias\"> <\/span><\/p>\n<p><span class=\"text1noticias\">Entre los firmantes, aparte de Mercedes, figuran Elvyn L\u00f3pez, Ram\u00f3n Reyna, Elaine Espinal, Emil y Mavel Flores, Pedro M. Lluberes, Julio Torres, Rosmery Rodr\u00edguez, Andrea Mart\u00ednez, Rahyam Mercedes y Jos\u00e9 Alfonso Su\u00e1rez, entre otros.<\/span><\/p>\n<\/p>\n<h6> 2014-08-05 05:26:01 <\/h6>\n<p><!--\n<link rel=\"stylesheet\" href=\"css\/bootstrap.min.css\">\n\n\n<ul class=\"pagination\">\n\t    \n\t\n\n<li >\n\t<a href='?page_no=14905'>Previous<\/a>\n\t<\/li>\n\n\n       \n    \n\n<li><a href='?page_no=1'>1<\/a><\/li>\n\n\n\n<li><a href='?page_no=2'>2<\/a><\/li>\n\n\n\n<li><a>...<\/a><\/li>\n\n\n\n<li><a href='?page_no=14904'>14904<\/a><\/li>\n\n\n\n<li><a href='?page_no=14905'>14905<\/a><\/li>\n\n\n\n<li class='active'><a>14906<\/a><\/li>\n\n\n\n<li><a href='?page_no=14907'>14907<\/a><\/li>\n\n\n\n<li><a href='?page_no=14908'>14908<\/a><\/li>\n\n\n\n<li><a>...<\/a><\/li>\n\n\n\n<li><a href='?page_no=36999'>36999<\/a><\/li>\n\n\n\n<li><a href='?page_no=37000'>37000<\/a><\/li>\n\n    \n\t\n\n<li >\n\t<a href='?page_no=14907'>Next<\/a>\n\t<\/li>\n\n\n    \n\n<li><a href='?page_no=37000'>Last &rsaquo;&rsaquo;<\/a><\/li>\n\n<\/ul>\n\n\n--><br \/>\n<\/body><\/p>\n","protected":false},"excerpt":{"rendered":"<p>Por Raldy Rodr\u00edguez NUEVA YORK, 5 de Agosto de 2014.- La direcci\u00f3n de la Comisi\u00f3n Ejecutiva del movimiento pol\u00edtico \u00abBalagueristas Siempre\u00bb consider\u00f3 que no todos los reformistas deber\u00edan continuar con funciones en el Gobierno del presidente Danilo Medina, debido a que muchos de ellos est\u00e1n dedicados a levantar proyectos pol\u00edticos extra partido \u00abcuestionables\u00bb y a [&hellip;]<\/p>\n","protected":false},"author":3,"featured_media":0,"comment_status":"open","ping_status":"open","sticky":false,"template":"","format":"standard","meta":{"footnotes":""},"categories":[22],"tags":[],"class_list":["post-162507","post","type-post","status-publish","format-standard","hentry","category-politica"],"_links":{"self":[{"href":"https:\/\/diariodominicano.com\/index.php?rest_route=\/wp\/v2\/posts\/162507","targetHints":{"allow":["GET"]}}],"collection":[{"href":"https:\/\/diariodominicano.com\/index.php?rest_route=\/wp\/v2\/posts"}],"about":[{"href":"https:\/\/diariodominicano.com\/index.php?rest_route=\/wp\/v2\/types\/post"}],"author":[{"embeddable":true,"href":"https:\/\/diariodominicano.com\/index.php?rest_route=\/wp\/v2\/users\/3"}],"replies":[{"embeddable":true,"href":"https:\/\/diariodominicano.com\/index.php?rest_route=%2Fwp%2Fv2%2Fcomments&post=162507"}],"version-history":[{"count":0,"href":"https:\/\/diariodominicano.com\/index.php?rest_route=\/wp\/v2\/posts\/162507\/revisions"}],"wp:attachment":[{"href":"https:\/\/diariodominicano.com\/index.php?rest_route=%2Fwp%2Fv2%2Fmedia&parent=162507"}],"wp:term":[{"taxonomy":"category","embeddable":true,"href":"https:\/\/diariodominicano.com\/index.php?rest_route=%2Fwp%2Fv2%2Fcategories&post=162507"},{"taxonomy":"post_tag","embeddable":true,"href":"https:\/\/diariodominicano.com\/index.php?rest_route=%2Fwp%2Fv2%2Ftags&post=162507"}],"curies":[{"name":"wp","href":"https:\/\/api.w.org\/{rel}","templated":true}]}}