{"id":162506,"date":"2014-08-05T13:43:34","date_gmt":"2014-08-05T13:43:34","guid":{"rendered":"http:\/\/diariodominicano.ddns.net\/?p=162506"},"modified":"2014-08-05T13:43:34","modified_gmt":"2014-08-05T13:43:34","slug":"eligen-a-nelson-arroyo-vocero-de-los-diputados-del-partido-revolucionario-mayoritario","status":"publish","type":"post","link":"https:\/\/diariodominicano.com\/?p=162506","title":{"rendered":"Eligen a Nelson Arroyo vocero de los diputados del Partido Revolucionario Mayoritario"},"content":{"rendered":"<p><body><\/p>\n<p><img decoding=\"async\" src=\"img3\/arroyo 5.php.html\" \/>  <\/p>\n<p>Eligen a Nelson Arroyo vocero de los diputados del PRM<\/p>\n<\/p>\n<p>Andr\u00e9s Bautista Garc\u00eda juramenta a Nelson Arroyo como vocero de los diputados del Partido Revolucionario Mayoritario<\/p>\n<\/p>\n<p>SANTO DOMINGO.- El diputado Nelson Arroyo de San Pedro Macor\u00eds, fue electo la tarde de este lunes como vocero del Bloque de Diputados del Partido Revolucionario Mayoritario (PRM).<\/p>\n<p>Durante una asamblea eleccionaria con la presencia de 32 de 34 legisladores, encabezada por Andr\u00e9s Bautista Garc\u00eda, presidente del Partido Revolucionario Mayoritario, Evangelina Sosa fue electa como vice vocera y a Emmanuel Bautista, secretario. <\/p>\n<p>Fue presentada otra plancha que la encabez\u00f3 el Diputado de Saman\u00e1 Juan Jos\u00e9 Morales Cisneros, quien resalt\u00f3 el alto esp\u00edritu democr\u00e1tico en dicha votaci\u00f3n.<\/p>\n<p>Luego de la juramentaci\u00f3n, Bautista Garc\u00eda entreg\u00f3 un reglamento que ser\u00e1 enriquecido por los legisladores, el cual regir\u00e1 sus actuaciones en el desempe\u00f1o de sus funciones durante el per\u00edodo agosto 2014-2015.<\/p>\n<p>Anunci\u00f3 que una de las prioridades del Bloque del PRM est\u00e1n luchar por las Leyes de Partidos Pol\u00edticos y la del R\u00e9gimen Electoral, a los fines de que las elecciones del 2026 sean dotadas de transparencia y equidad.<\/p>\n<p>Por su parte, Arroyo destac\u00f3 el respeto al derecho de cada legislador a elegir y ser elegido en un proceso lleno de garant\u00edas democr\u00e1ticas y de respeto a la calidad de dirigente de cada uno de ellos.<\/p>\n<p>Prometi\u00f3 desarrollar una labor en defensa del pueblo, de apoyo a los reclamos de la poblaci\u00f3n como le corresponde a cada uno de sus representantes.<\/p>\n<h6> 2014-08-05 13:43:34 <\/h6>\n<p><!--\n<link rel=\"stylesheet\" href=\"css\/bootstrap.min.css\">\n\n\n<ul class=\"pagination\">\n\t    \n\t\n\n<li >\n\t<a href='?page_no=14904'>Previous<\/a>\n\t<\/li>\n\n\n       \n    \n\n<li><a href='?page_no=1'>1<\/a><\/li>\n\n\n\n<li><a href='?page_no=2'>2<\/a><\/li>\n\n\n\n<li><a>...<\/a><\/li>\n\n\n\n<li><a href='?page_no=14903'>14903<\/a><\/li>\n\n\n\n<li><a href='?page_no=14904'>14904<\/a><\/li>\n\n\n\n<li class='active'><a>14905<\/a><\/li>\n\n\n\n<li><a href='?page_no=14906'>14906<\/a><\/li>\n\n\n\n<li><a href='?page_no=14907'>14907<\/a><\/li>\n\n\n\n<li><a>...<\/a><\/li>\n\n\n\n<li><a href='?page_no=36999'>36999<\/a><\/li>\n\n\n\n<li><a href='?page_no=37000'>37000<\/a><\/li>\n\n    \n\t\n\n<li >\n\t<a href='?page_no=14906'>Next<\/a>\n\t<\/li>\n\n\n    \n\n<li><a href='?page_no=37000'>Last &rsaquo;&rsaquo;<\/a><\/li>\n\n<\/ul>\n\n\n--><br \/>\n<\/body><\/p>\n","protected":false},"excerpt":{"rendered":"<p>Eligen a Nelson Arroyo vocero de los diputados del PRM Andr\u00e9s Bautista Garc\u00eda juramenta a Nelson Arroyo como vocero de los diputados del Partido Revolucionario Mayoritario SANTO DOMINGO.- El diputado Nelson Arroyo de San Pedro Macor\u00eds, fue electo la tarde de este lunes como vocero del Bloque de Diputados del Partido Revolucionario Mayoritario (PRM). Durante [&hellip;]<\/p>\n","protected":false},"author":3,"featured_media":0,"comment_status":"open","ping_status":"open","sticky":false,"template":"","format":"standard","meta":{"footnotes":""},"categories":[22],"tags":[],"class_list":["post-162506","post","type-post","status-publish","format-standard","hentry","category-politica"],"_links":{"self":[{"href":"https:\/\/diariodominicano.com\/index.php?rest_route=\/wp\/v2\/posts\/162506","targetHints":{"allow":["GET"]}}],"collection":[{"href":"https:\/\/diariodominicano.com\/index.php?rest_route=\/wp\/v2\/posts"}],"about":[{"href":"https:\/\/diariodominicano.com\/index.php?rest_route=\/wp\/v2\/types\/post"}],"author":[{"embeddable":true,"href":"https:\/\/diariodominicano.com\/index.php?rest_route=\/wp\/v2\/users\/3"}],"replies":[{"embeddable":true,"href":"https:\/\/diariodominicano.com\/index.php?rest_route=%2Fwp%2Fv2%2Fcomments&post=162506"}],"version-history":[{"count":0,"href":"https:\/\/diariodominicano.com\/index.php?rest_route=\/wp\/v2\/posts\/162506\/revisions"}],"wp:attachment":[{"href":"https:\/\/diariodominicano.com\/index.php?rest_route=%2Fwp%2Fv2%2Fmedia&parent=162506"}],"wp:term":[{"taxonomy":"category","embeddable":true,"href":"https:\/\/diariodominicano.com\/index.php?rest_route=%2Fwp%2Fv2%2Fcategories&post=162506"},{"taxonomy":"post_tag","embeddable":true,"href":"https:\/\/diariodominicano.com\/index.php?rest_route=%2Fwp%2Fv2%2Ftags&post=162506"}],"curies":[{"name":"wp","href":"https:\/\/api.w.org\/{rel}","templated":true}]}}