{"id":162505,"date":"2014-08-05T14:18:16","date_gmt":"2014-08-05T14:18:16","guid":{"rendered":"http:\/\/diariodominicano.ddns.net\/?p=162505"},"modified":"2014-08-05T14:18:16","modified_gmt":"2014-08-05T14:18:16","slug":"vicepresidenta-pondera-eleccion-escogencia-de-cristina-lizardo-como-presidenta-del-senado","status":"publish","type":"post","link":"https:\/\/diariodominicano.com\/?p=162505","title":{"rendered":"Vicepresidenta pondera elecci\u00f3n escogencia de Cristina Lizardo como presidenta del Senado"},"content":{"rendered":"<p><body><\/p>\n<p><img decoding=\"async\" src=\"img3\/vice 5.jpg\" \/><br \/><img decoding=\"async\" src=\"img3\/buena 5.jpg\" \/>  <\/p>\n<p>La vicepresidenta de la Rep\u00fablica y miembro del Comit\u00e9 Pol\u00edtico del Partido de la Liberaci\u00f3n Dominicana (PLD),  Margarita Cede\u00f1o de Fern\u00e1ndez, valor\u00f3 como positivo la escogencia de su  compa\u00f1era  de organismo, Cristina Lizardo para  presidir el Senado de la Rep\u00fablica.<\/p>\n<\/p>\n<p>\u00a8Me siento sumamente orgullosa de la decisi\u00f3n adoptada por el Comit\u00e9 Pol\u00edtico de nuestro Partido, de seleccionar por primera vez, a una mujer para asumir la responsabilidad de dirigir el Senado de la Rep\u00fablica, se\u00f1al\u00f3 la vicepresidenta Cede\u00f1o de Fern\u00e1ndez.<\/p>\n<\/p>\n<p>Margarita Cede\u00f1o de Fern\u00e1ndez valor\u00f3 las extraordinarias condiciones de la hoy electa presidenta del Senado, como una mujer \u00edntegra,  legisladora honesta y trabajadora incansable, siempre apegada a las mejores causas del pa\u00eds, y una compa\u00f1era respetuosa de las decisiones de su partido.<\/p>\n<\/p>\n<p>De igual manera felicit\u00f3 al PLD  por creer en la mujer, por ser coherente y defender el espacio que la mujer dominicana se ha ganado en la pol\u00edtica y en la construcci\u00f3n de la democracia que hoy exhibimos orgullosos. <\/p>\n<p>\u00abEstoy orgullosa de mi Partido, definitivamente somos m\u00e1s inclusivos. Vamos avanzando y las mujeres seguimos haciendo camino al andar\u00bb, dijo. <\/p>\n<\/p>\n<p>\u00a8La escogencia de la compa\u00f1era Cristina Lizardo para dirigir una instituci\u00f3n de las dimensiones del Senado de la Rep\u00fablica, nos llena de orgullo, satisfacci\u00f3n y compromiso frente a los nuevos desaf\u00edos que hoy m\u00e1s que nunca estamos llamadas a enfrentar exitosamente\u00a8, expres\u00f3.<\/p>\n<\/p>\n<p>Para la vicemandataria es sumamente importante que las mujeres tengan cada vez m\u00e1s, voz y voto en todas las instituciones del Estado. \u00a8De esta forma se garantiza la igualdad en el dialogo p\u00fablico y la toma de decisiones determinar\u00e1n un futuro inclusivo para nuestras familias dominicanas\u00a8, puntualiz\u00f3.<\/p>\n<\/p>\n<h6> 2014-08-05 14:18:16 <\/h6>\n<p><!--\n<link rel=\"stylesheet\" href=\"css\/bootstrap.min.css\">\n\n\n<ul class=\"pagination\">\n\t    \n\t\n\n<li >\n\t<a href='?page_no=14903'>Previous<\/a>\n\t<\/li>\n\n\n       \n    \n\n<li><a href='?page_no=1'>1<\/a><\/li>\n\n\n\n<li><a href='?page_no=2'>2<\/a><\/li>\n\n\n\n<li><a>...<\/a><\/li>\n\n\n\n<li><a href='?page_no=14902'>14902<\/a><\/li>\n\n\n\n<li><a href='?page_no=14903'>14903<\/a><\/li>\n\n\n\n<li class='active'><a>14904<\/a><\/li>\n\n\n\n<li><a href='?page_no=14905'>14905<\/a><\/li>\n\n\n\n<li><a href='?page_no=14906'>14906<\/a><\/li>\n\n\n\n<li><a>...<\/a><\/li>\n\n\n\n<li><a href='?page_no=36999'>36999<\/a><\/li>\n\n\n\n<li><a href='?page_no=37000'>37000<\/a><\/li>\n\n    \n\t\n\n<li >\n\t<a href='?page_no=14905'>Next<\/a>\n\t<\/li>\n\n\n    \n\n<li><a href='?page_no=37000'>Last &rsaquo;&rsaquo;<\/a><\/li>\n\n<\/ul>\n\n\n--><br \/>\n<\/body><\/p>\n","protected":false},"excerpt":{"rendered":"<p>La vicepresidenta de la Rep\u00fablica y miembro del Comit\u00e9 Pol\u00edtico del Partido de la Liberaci\u00f3n Dominicana (PLD), Margarita Cede\u00f1o de Fern\u00e1ndez, valor\u00f3 como positivo la escogencia de su compa\u00f1era de organismo, Cristina Lizardo para presidir el Senado de la Rep\u00fablica. \u00a8Me siento sumamente orgullosa de la decisi\u00f3n adoptada por el Comit\u00e9 Pol\u00edtico de nuestro Partido, [&hellip;]<\/p>\n","protected":false},"author":3,"featured_media":0,"comment_status":"open","ping_status":"open","sticky":false,"template":"","format":"standard","meta":{"footnotes":""},"categories":[22],"tags":[],"class_list":["post-162505","post","type-post","status-publish","format-standard","hentry","category-politica"],"_links":{"self":[{"href":"https:\/\/diariodominicano.com\/index.php?rest_route=\/wp\/v2\/posts\/162505","targetHints":{"allow":["GET"]}}],"collection":[{"href":"https:\/\/diariodominicano.com\/index.php?rest_route=\/wp\/v2\/posts"}],"about":[{"href":"https:\/\/diariodominicano.com\/index.php?rest_route=\/wp\/v2\/types\/post"}],"author":[{"embeddable":true,"href":"https:\/\/diariodominicano.com\/index.php?rest_route=\/wp\/v2\/users\/3"}],"replies":[{"embeddable":true,"href":"https:\/\/diariodominicano.com\/index.php?rest_route=%2Fwp%2Fv2%2Fcomments&post=162505"}],"version-history":[{"count":0,"href":"https:\/\/diariodominicano.com\/index.php?rest_route=\/wp\/v2\/posts\/162505\/revisions"}],"wp:attachment":[{"href":"https:\/\/diariodominicano.com\/index.php?rest_route=%2Fwp%2Fv2%2Fmedia&parent=162505"}],"wp:term":[{"taxonomy":"category","embeddable":true,"href":"https:\/\/diariodominicano.com\/index.php?rest_route=%2Fwp%2Fv2%2Fcategories&post=162505"},{"taxonomy":"post_tag","embeddable":true,"href":"https:\/\/diariodominicano.com\/index.php?rest_route=%2Fwp%2Fv2%2Ftags&post=162505"}],"curies":[{"name":"wp","href":"https:\/\/api.w.org\/{rel}","templated":true}]}}