{"id":162504,"date":"2014-08-05T14:37:11","date_gmt":"2014-08-05T14:37:11","guid":{"rendered":"http:\/\/diariodominicano.ddns.net\/?p=162504"},"modified":"2014-08-05T14:37:11","modified_gmt":"2014-08-05T14:37:11","slug":"secretaria-de-la-mujer-del-pld-valora-escogencia-de-cristina-lizardo-para-presidir-el-senado","status":"publish","type":"post","link":"https:\/\/diariodominicano.com\/?p=162504","title":{"rendered":"Secretar\u00eda de la Mujer del PLD valora escogencia de Cristina Lizardo para presidir el senado"},"content":{"rendered":"<p><body><\/p>\n<p><img decoding=\"async\" src=\"img3\/mujeres 5.jpg\" \/>  <\/p>\n<p>Santo Domingo RD 5 agosto.- La Secretar\u00eda de la Mujer del Partido de la Liberaci\u00f3n Dominicana (PLD)  ponder\u00f3 la escogencia que realizar\u00e1 el Comit\u00e9 Pol\u00edtico de esa organizaci\u00f3n de la Senadora Cristina Lizardo para presidir la C\u00e1mara Alta en el a\u00f1o legislativo a iniciarse el aproximo d\u00eda 16.<\/p>\n<\/p>\n<p>\u00abLa Secretar\u00eda de la Mujer del PLD, por nuestro intermedio, valora la decisi\u00f3n de los compa\u00f1eros y compa\u00f1eras del Comit\u00e9 Pol\u00edtico de seleccionar una compa\u00f1era como presidenta del Senado\u00bb`,  declar\u00f3 Flavia Garc\u00eda titular del \u00f3rgano pelede\u00edsta. <\/p>\n<\/p>\n<p>Garc\u00eda destac\u00f3 de Cristina Lizardo su capacidad de entrega y trabajo, su esp\u00edritu solidario, su militancia en las filas del Partido de la Liberaci\u00f3n Dominicana y su experiencia como congresista.<\/p>\n<\/p>\n<p>\u00abTodas estas condiciones que adornan a la compa\u00f1era Cristina, lleva a la Secretar\u00eda de la Mujer del PLD a destacar lo correcto de la decisi\u00f3n tomada por la direcci\u00f3n pol\u00edtica del Partido y a ofrecer garant\u00edas de que la seleccionada realizar\u00e1 un honroso trabajo al frente del Senado\u00bb, destac\u00f3 Flavia Garc\u00eda.<\/p>\n<\/p>\n<p>El Comit\u00e9 Pol\u00edtico en su reuni\u00f3n ordinaria de este lunes seleccion\u00f3 a la senadora por la provincia Santo Domingo, Cristina Lizardo, para presidir el Senado y a Francis Vargas para la vicepresidencia. Por igual lo hizo con Abel Mart\u00ednez y Luc\u00eda Medina para la presidencia y vicepresidencia de la C\u00e1mara de Diputados.<\/p>\n<\/p>\n<p>Flavia Garc\u00eda destac\u00f3 los meritos de Lizardo, no solo como mujer, tambi\u00e9n como militante pol\u00edtica  y congresista experimentada <\/p>\n<\/p>\n<p>\u00abLa selecci\u00f3n  de la compa\u00f1era Cristina Lizardo para dirigir el Senado de la Rep\u00fablica, nos llena de orgullo, satisfacci\u00f3n y nos  compromete   frente a los retos y desaf\u00edos de la mujer pol\u00edtica\u00bb, concluy\u00f3 Garc\u00eda sus declaraciones divulgadas mediante un despacho de la Secretar\u00eda de Comunicaciones del PLD.<\/p>\n<h6> 2014-08-05 14:37:11 <\/h6>\n<p><!--\n<link rel=\"stylesheet\" href=\"css\/bootstrap.min.css\">\n\n\n<ul class=\"pagination\">\n\t    \n\t\n\n<li >\n\t<a href='?page_no=14902'>Previous<\/a>\n\t<\/li>\n\n\n       \n    \n\n<li><a href='?page_no=1'>1<\/a><\/li>\n\n\n\n<li><a href='?page_no=2'>2<\/a><\/li>\n\n\n\n<li><a>...<\/a><\/li>\n\n\n\n<li><a href='?page_no=14901'>14901<\/a><\/li>\n\n\n\n<li><a href='?page_no=14902'>14902<\/a><\/li>\n\n\n\n<li class='active'><a>14903<\/a><\/li>\n\n\n\n<li><a href='?page_no=14904'>14904<\/a><\/li>\n\n\n\n<li><a href='?page_no=14905'>14905<\/a><\/li>\n\n\n\n<li><a>...<\/a><\/li>\n\n\n\n<li><a href='?page_no=36999'>36999<\/a><\/li>\n\n\n\n<li><a href='?page_no=37000'>37000<\/a><\/li>\n\n    \n\t\n\n<li >\n\t<a href='?page_no=14904'>Next<\/a>\n\t<\/li>\n\n\n    \n\n<li><a href='?page_no=37000'>Last &rsaquo;&rsaquo;<\/a><\/li>\n\n<\/ul>\n\n\n--><br \/>\n<\/body><\/p>\n","protected":false},"excerpt":{"rendered":"<p>Santo Domingo RD 5 agosto.- La Secretar\u00eda de la Mujer del Partido de la Liberaci\u00f3n Dominicana (PLD) ponder\u00f3 la escogencia que realizar\u00e1 el Comit\u00e9 Pol\u00edtico de esa organizaci\u00f3n de la Senadora Cristina Lizardo para presidir la C\u00e1mara Alta en el a\u00f1o legislativo a iniciarse el aproximo d\u00eda 16. \u00abLa Secretar\u00eda de la Mujer del PLD, [&hellip;]<\/p>\n","protected":false},"author":3,"featured_media":0,"comment_status":"open","ping_status":"open","sticky":false,"template":"","format":"standard","meta":{"footnotes":""},"categories":[22],"tags":[],"class_list":["post-162504","post","type-post","status-publish","format-standard","hentry","category-politica"],"_links":{"self":[{"href":"https:\/\/diariodominicano.com\/index.php?rest_route=\/wp\/v2\/posts\/162504","targetHints":{"allow":["GET"]}}],"collection":[{"href":"https:\/\/diariodominicano.com\/index.php?rest_route=\/wp\/v2\/posts"}],"about":[{"href":"https:\/\/diariodominicano.com\/index.php?rest_route=\/wp\/v2\/types\/post"}],"author":[{"embeddable":true,"href":"https:\/\/diariodominicano.com\/index.php?rest_route=\/wp\/v2\/users\/3"}],"replies":[{"embeddable":true,"href":"https:\/\/diariodominicano.com\/index.php?rest_route=%2Fwp%2Fv2%2Fcomments&post=162504"}],"version-history":[{"count":0,"href":"https:\/\/diariodominicano.com\/index.php?rest_route=\/wp\/v2\/posts\/162504\/revisions"}],"wp:attachment":[{"href":"https:\/\/diariodominicano.com\/index.php?rest_route=%2Fwp%2Fv2%2Fmedia&parent=162504"}],"wp:term":[{"taxonomy":"category","embeddable":true,"href":"https:\/\/diariodominicano.com\/index.php?rest_route=%2Fwp%2Fv2%2Fcategories&post=162504"},{"taxonomy":"post_tag","embeddable":true,"href":"https:\/\/diariodominicano.com\/index.php?rest_route=%2Fwp%2Fv2%2Ftags&post=162504"}],"curies":[{"name":"wp","href":"https:\/\/api.w.org\/{rel}","templated":true}]}}