{"id":162503,"date":"2014-08-05T14:43:10","date_gmt":"2014-08-05T14:43:10","guid":{"rendered":"http:\/\/diariodominicano.ddns.net\/?p=162503"},"modified":"2014-08-05T14:43:10","modified_gmt":"2014-08-05T14:43:10","slug":"francisco-javier-dice-que-ayudara-a-familias-pobres-con-apartamentos","status":"publish","type":"post","link":"https:\/\/diariodominicano.com\/?p=162503","title":{"rendered":"Francisco Javier dice que ayudar\u00e1 a familias pobres con apartamentos"},"content":{"rendered":"<p><body><\/p>\n<p><img decoding=\"async\" src=\"img3\/javier 5.jpg\" \/>  <\/p>\n<p>Santo Domingo RD 5 agosto.- El aspirante a la nominaci\u00f3n presidencial por el Partido de la Liberaci\u00f3n Dominicana, Francisco Javier, dijo que centra su proyecto pol\u00edtico en propuestas para mejorar las condiciones de vida de los habitantes en los barrios marginados del pa\u00eds. <\/p>\n<\/p>\n<p>Francisco Javier, manifest\u00f3 que si bien es cierto que ha habido  progreso en los gobiernos del PLD, no menos cierto es que ese progreso no ha entrado a los barrios pobres de la Rep\u00fablica Dominicana.<\/p>\n<\/p>\n<p>\u00abAl PLD le falta tener un impacto m\u00e1s fuerte en la sociedad dominicana porque siento que a los sectores pobres el progreso no les est\u00e1 llegando\u00bb, sostuvo.<\/p>\n<\/p>\n<p>Dijo Francisco Javier, que eso se comprueba en los barrios populares, donde el progreso le pasa por fuera, grandes avenidas, grandes t\u00faneles, grandes elevados, el Metro, pero se requiere otro tipo de acci\u00f3n para devolverle la esperanza a la juventud.<\/p>\n<\/p>\n<p>Francisco Javier, se\u00f1al\u00f3 que su plan para los barrios pobres consiste en darle un contrato a cada una de las familias que viven en esos lugares para garantizarles un apartamento.<\/p>\n<\/p>\n<p>Adem\u00e1s, pagarle una mensualidad de 25 mil pesos por familia mientras se construye el apartamento para que vivan en otro lugar.<\/p>\n<\/p>\n<p>Manifest\u00f3 que el Estado dominicano tiene los recursos econ\u00f3micos suficientes para eso. Con los recursos de cualquier obra grande de las que se han hecho en este gobierno o en el pasado se pueden intervenir 75, 80 o 100 barrios, porque esas obras no son suntuosas.<\/p>\n<\/p>\n<p>Revel\u00f3 que despu\u00e9s de ese planteamiento lo han visitado empresas multinacionales para plantearme sobre la construcci\u00f3n de apartamentos para las familias pobres.<\/p>\n<\/p>\n<h6> 2014-08-05 14:43:10 <\/h6>\n<p><!--\n<link rel=\"stylesheet\" href=\"css\/bootstrap.min.css\">\n\n\n<ul class=\"pagination\">\n\t    \n\t\n\n<li >\n\t<a href='?page_no=14901'>Previous<\/a>\n\t<\/li>\n\n\n       \n    \n\n<li><a href='?page_no=1'>1<\/a><\/li>\n\n\n\n<li><a href='?page_no=2'>2<\/a><\/li>\n\n\n\n<li><a>...<\/a><\/li>\n\n\n\n<li><a href='?page_no=14900'>14900<\/a><\/li>\n\n\n\n<li><a href='?page_no=14901'>14901<\/a><\/li>\n\n\n\n<li class='active'><a>14902<\/a><\/li>\n\n\n\n<li><a href='?page_no=14903'>14903<\/a><\/li>\n\n\n\n<li><a href='?page_no=14904'>14904<\/a><\/li>\n\n\n\n<li><a>...<\/a><\/li>\n\n\n\n<li><a href='?page_no=36999'>36999<\/a><\/li>\n\n\n\n<li><a href='?page_no=37000'>37000<\/a><\/li>\n\n    \n\t\n\n<li >\n\t<a href='?page_no=14903'>Next<\/a>\n\t<\/li>\n\n\n    \n\n<li><a href='?page_no=37000'>Last &rsaquo;&rsaquo;<\/a><\/li>\n\n<\/ul>\n\n\n--><br \/>\n<\/body><\/p>\n","protected":false},"excerpt":{"rendered":"<p>Santo Domingo RD 5 agosto.- El aspirante a la nominaci\u00f3n presidencial por el Partido de la Liberaci\u00f3n Dominicana, Francisco Javier, dijo que centra su proyecto pol\u00edtico en propuestas para mejorar las condiciones de vida de los habitantes en los barrios marginados del pa\u00eds. Francisco Javier, manifest\u00f3 que si bien es cierto que ha habido progreso [&hellip;]<\/p>\n","protected":false},"author":3,"featured_media":0,"comment_status":"open","ping_status":"open","sticky":false,"template":"","format":"standard","meta":{"footnotes":""},"categories":[22],"tags":[],"class_list":["post-162503","post","type-post","status-publish","format-standard","hentry","category-politica"],"_links":{"self":[{"href":"https:\/\/diariodominicano.com\/index.php?rest_route=\/wp\/v2\/posts\/162503","targetHints":{"allow":["GET"]}}],"collection":[{"href":"https:\/\/diariodominicano.com\/index.php?rest_route=\/wp\/v2\/posts"}],"about":[{"href":"https:\/\/diariodominicano.com\/index.php?rest_route=\/wp\/v2\/types\/post"}],"author":[{"embeddable":true,"href":"https:\/\/diariodominicano.com\/index.php?rest_route=\/wp\/v2\/users\/3"}],"replies":[{"embeddable":true,"href":"https:\/\/diariodominicano.com\/index.php?rest_route=%2Fwp%2Fv2%2Fcomments&post=162503"}],"version-history":[{"count":0,"href":"https:\/\/diariodominicano.com\/index.php?rest_route=\/wp\/v2\/posts\/162503\/revisions"}],"wp:attachment":[{"href":"https:\/\/diariodominicano.com\/index.php?rest_route=%2Fwp%2Fv2%2Fmedia&parent=162503"}],"wp:term":[{"taxonomy":"category","embeddable":true,"href":"https:\/\/diariodominicano.com\/index.php?rest_route=%2Fwp%2Fv2%2Fcategories&post=162503"},{"taxonomy":"post_tag","embeddable":true,"href":"https:\/\/diariodominicano.com\/index.php?rest_route=%2Fwp%2Fv2%2Ftags&post=162503"}],"curies":[{"name":"wp","href":"https:\/\/api.w.org\/{rel}","templated":true}]}}