{"id":162502,"date":"2014-08-05T16:26:11","date_gmt":"2014-08-05T16:26:11","guid":{"rendered":"http:\/\/diariodominicano.ddns.net\/?p=162502"},"modified":"2014-08-05T16:26:11","modified_gmt":"2014-08-05T16:26:11","slug":"soto-jimenez-sugiere-referendum-para-solucionar-tema-migratorio-de-rd","status":"publish","type":"post","link":"https:\/\/diariodominicano.com\/?p=162502","title":{"rendered":"Soto Jim\u00e9nez sugiere refer\u00e9ndum para solucionar tema migratorio de RD&#13;"},"content":{"rendered":"<p><body><\/p>\n<p><img decoding=\"async\" src=\"img3\/soto 5.jpg\" \/>  <\/p>\n<p>Santo Domingo RD 5 agosto.- \u00ab&#8230;Cuando se habla de la democracia y de temas que representan una gran importancia, como es el del tema migratorio haitiano, se debe consultar al \u00b4Soberano\u00b4\u00bb, es la afirmaci\u00f3n del ex general Jos\u00e9 Miguel Soto Jim\u00e9nez, quien sugiri\u00f3 que debe llevarse a cabo un refer\u00e9ndum para que el pueblo sea el que decida la soluci\u00f3n migratoria del pa\u00eds.<\/p>\n<\/p>\n<p>\u00abQue consultemos al soberano, es una forma interesante de salir del problema ante la presi\u00f3n internacional\u00bb, manifest\u00f3 Soto Jim\u00e9nez y explic\u00f3 que la respuesta a los organismos internacionales que intervengan ser\u00eda mostrarles como respuesta la decisi\u00f3n del pueblo dominicano a trav\u00e9s de un refer\u00e9ndum.  <\/p>\n<\/p>\n<p>El tambi\u00e9n presidente del Partido V Rep\u00fablica, destac\u00f3 que muchas veces ha dicho que el tema haitiano es lo que m\u00e1s cohesiona al pueblo dominicano y que hay que destacar que un 86% de los dominicanos apoya la soluci\u00f3n al tema migratorio y agreg\u00f3 que \u00abno es verdad eso que se dice de que el pueblo dominicano est\u00e1 dividido en dos: es una gran mayor\u00eda frente a una minor\u00eda con capacidad comunicativa\u00bb.<\/p>\n<\/p>\n<p>Dijo que el presidente Medina debe ser m\u00e1s caracterizado frente al tema migratorio haitiano, en defensa a lo que \u00e9l se debe, que son los intereses nacionales y a\u00f1adi\u00f3 que si no lo hace \u00abllegaremos a situaciones muy embarazosas\u00bb.<\/p>\n<\/p>\n<p>A\u00f1adi\u00f3 que a \u00e9l quien le gusta es el presidente Danilo Medina de Cuba, al recordar la manera en c\u00f3mo el mandatario defendi\u00f3 la sentencia del TC en el escenario internacional.<\/p>\n<\/p>\n<p>Soto Jim\u00e9nez manifest\u00f3 que hay que reconocer que la migraci\u00f3n haitiana es un tema de muchos a\u00f1os y que est\u00e1 por encima de los partidos pol\u00edticos, pero que sin embargo, el tema migratorio a ra\u00edz de la sentencia del TC es fundamentalmente pol\u00edtico.<\/p>\n<\/p>\n<p>\u00abCreo que la mayor\u00eda de los partidos pol\u00edticos le han sacado el bulto, sabiendo que este ser\u00e1 un tema de campa\u00f1a para el 2016\u00bb, afirm\u00f3 Soto Jim\u00e9nez al ser entrevistado en el programa Tu Derecho a Saber, que conducen Namphi Rodr\u00edguez, El\u00edas Ru\u00edz Matuk, Jos\u00e9 Gregorio Cabrera, Adelaida Mart\u00ednez, Edward Tavarez y Francis Javier, por Rumba 98.5 de 7 a 9 AM.<\/p>\n<\/p>\n<p>DM DEBER\u00cdA PARECERSE A BOSCH; EN DOS A\u00d1OS NO HA HECHO NADA<\/p>\n<\/p>\n<p>Al pregunt\u00e1rsele a qui\u00e9n se parec\u00eda Danilo Medina como presidente, dijo que no le gusta hacer comparaciones, pero que el mandatario deber\u00eda parecerse a Juan Bosch, pero \u00abresulta que Bosch en esos 7 meses tom\u00f3 determinaciones que el presidente Medina no ha tomado.<\/p>\n<\/p>\n<p>Al pasar balance del desempe\u00f1o de los dos a\u00f1os de Gobierno de Danilo Medina, dijo que la popularidad que tiene el mandatario que dicen las encuestas y que son indiscutibles, son propias de un cambio de estilo.  <\/p>\n<\/p>\n<p>Sin embargo, dijo que aunque parezca una contradicci\u00f3n, esta calificaci\u00f3n se la atribuye m\u00e1s al pueblo dominicano, que al accionar de Medina, \u00aby hay que tomarlo mucho en cuenta en la pol\u00edtica&#8230; el aspecto cultural del pueblo dominicanos y la actitud frente a la vida, porque cuando el pueblo quiere algo nuevo se \u00abagarra hasta de un clavo caliente\u00bb.<\/p>\n<\/p>\n<p>Destac\u00f3 que deben apreciarse realmente las cifras que indican \u00abque no estamos igual\u00bb.<\/p>\n<\/p>\n<p>\u00abLos problemas, y hay que hablar de los problemas que han hallado ese cambio de estilo, se han agravado\u00bb, destac\u00f3 Soto Jim\u00e9nez y puso como ejemplo el caso de la seguridad ciudadana.<\/p>\n<\/p>\n<p>Dijo que el dilema de ahora es que se cumplir\u00e1n dos a\u00f1os y no hay una obra cumbre que destacar del presidente Medina, que ha sido vacilante en tomar decisiones en el caso de Bah\u00eda de las \u00c1guilas, Loma Miranda y el mismo tema haitiano.<\/p>\n<\/p>\n<p>Expres\u00f3 que el s\u00edmbolo de este Gobierno es la malquerencia a sus funcionarios y la ineficiencia expresa, citando como ejemplo el caso de educaci\u00f3n, las escuelas, la alfabetizaci\u00f3n, situaci\u00f3n que dijo est\u00e1 expresada en el se\u00f1alamiento de que \u00abtenemos el 4%, que no se ha podido ni siquiera ejecutar sin tomar en cuenta la calidad de vida de los maestros y de la docencia\u00bb.<\/p>\n<\/p>\n<p>EDUCACI\u00d3N, SALUD Y SEGURIDAD HAN EMPEORADO<\/p>\n<\/p>\n<p>Soto Jim\u00e9nez manifest\u00f3 que la funci\u00f3n fundamental en la que los gobiernos deben actuar est\u00e1 la seguridad ciudadana, la salud y la educaci\u00f3n  y que la paradoja es que estos tres renglones son los que peor est\u00e1n actualmente y se han agravado.<\/p>\n<\/p>\n<p>Manifest\u00f3 que la realidad es que faltan dos a\u00f1os, y no cree que las plantas de carb\u00f3n est\u00e9n listas en ese tiempo porque ni siquiera se han comenzado, lo mismo con la carretera Sur, entonces \u00abestamos ante esa disyuntiva\u00bb.<\/p>\n<h6> 2014-08-05 16:26:11 <\/h6>\n<p><!--\n<link rel=\"stylesheet\" href=\"css\/bootstrap.min.css\">\n\n\n<ul class=\"pagination\">\n\t    \n\t\n\n<li >\n\t<a href='?page_no=14900'>Previous<\/a>\n\t<\/li>\n\n\n       \n    \n\n<li><a href='?page_no=1'>1<\/a><\/li>\n\n\n\n<li><a href='?page_no=2'>2<\/a><\/li>\n\n\n\n<li><a>...<\/a><\/li>\n\n\n\n<li><a href='?page_no=14899'>14899<\/a><\/li>\n\n\n\n<li><a href='?page_no=14900'>14900<\/a><\/li>\n\n\n\n<li class='active'><a>14901<\/a><\/li>\n\n\n\n<li><a href='?page_no=14902'>14902<\/a><\/li>\n\n\n\n<li><a href='?page_no=14903'>14903<\/a><\/li>\n\n\n\n<li><a>...<\/a><\/li>\n\n\n\n<li><a href='?page_no=36999'>36999<\/a><\/li>\n\n\n\n<li><a href='?page_no=37000'>37000<\/a><\/li>\n\n    \n\t\n\n<li >\n\t<a href='?page_no=14902'>Next<\/a>\n\t<\/li>\n\n\n    \n\n<li><a href='?page_no=37000'>Last &rsaquo;&rsaquo;<\/a><\/li>\n\n<\/ul>\n\n\n--><br \/>\n<\/body><\/p>\n","protected":false},"excerpt":{"rendered":"<p>Santo Domingo RD 5 agosto.- \u00ab&#8230;Cuando se habla de la democracia y de temas que representan una gran importancia, como es el del tema migratorio haitiano, se debe consultar al \u00b4Soberano\u00b4\u00bb, es la afirmaci\u00f3n del ex general Jos\u00e9 Miguel Soto Jim\u00e9nez, quien sugiri\u00f3 que debe llevarse a cabo un refer\u00e9ndum para que el pueblo sea [&hellip;]<\/p>\n","protected":false},"author":3,"featured_media":0,"comment_status":"open","ping_status":"open","sticky":false,"template":"","format":"standard","meta":{"footnotes":""},"categories":[22],"tags":[],"class_list":["post-162502","post","type-post","status-publish","format-standard","hentry","category-politica"],"_links":{"self":[{"href":"https:\/\/diariodominicano.com\/index.php?rest_route=\/wp\/v2\/posts\/162502","targetHints":{"allow":["GET"]}}],"collection":[{"href":"https:\/\/diariodominicano.com\/index.php?rest_route=\/wp\/v2\/posts"}],"about":[{"href":"https:\/\/diariodominicano.com\/index.php?rest_route=\/wp\/v2\/types\/post"}],"author":[{"embeddable":true,"href":"https:\/\/diariodominicano.com\/index.php?rest_route=\/wp\/v2\/users\/3"}],"replies":[{"embeddable":true,"href":"https:\/\/diariodominicano.com\/index.php?rest_route=%2Fwp%2Fv2%2Fcomments&post=162502"}],"version-history":[{"count":0,"href":"https:\/\/diariodominicano.com\/index.php?rest_route=\/wp\/v2\/posts\/162502\/revisions"}],"wp:attachment":[{"href":"https:\/\/diariodominicano.com\/index.php?rest_route=%2Fwp%2Fv2%2Fmedia&parent=162502"}],"wp:term":[{"taxonomy":"category","embeddable":true,"href":"https:\/\/diariodominicano.com\/index.php?rest_route=%2Fwp%2Fv2%2Fcategories&post=162502"},{"taxonomy":"post_tag","embeddable":true,"href":"https:\/\/diariodominicano.com\/index.php?rest_route=%2Fwp%2Fv2%2Ftags&post=162502"}],"curies":[{"name":"wp","href":"https:\/\/api.w.org\/{rel}","templated":true}]}}