{"id":162498,"date":"2014-08-05T19:27:38","date_gmt":"2014-08-05T19:27:38","guid":{"rendered":"http:\/\/diariodominicano.ddns.net\/?p=162498"},"modified":"2014-08-05T19:27:38","modified_gmt":"2014-08-05T19:27:38","slug":"ex-secretario-de-alcaldia-del-dn-afirma-aspira-a-la-candidatura-por-pld-y-desplazara-a-roberto-salcedo-2","status":"publish","type":"post","link":"https:\/\/diariodominicano.com\/?p=162498","title":{"rendered":"&#13;&#13;Ex secretario de  Alcald\u00eda del DN afirma aspira a la candidatura por PLD y desplazar\u00e1 a Roberto Salcedo"},"content":{"rendered":"<p><body><\/p>\n<p><img decoding=\"async\" src=\"img3\/contreras.jpg\" \/><br \/><img decoding=\"async\" src=\"img3\/contreras2.jpg\" \/>  <\/p>\n<\/p>\n<\/p>\n<p><span class=\"text1noticias\">Santo Domingo, RD, 5 de agosto.-  El ex secretario del Ayuntamiento del Distrito Nacional, Domingo Contreras, anunci\u00f3 su candidatura a la Alcald\u00eda del Distrito Nacional por el Partido de la Liberaci\u00f3n Dominicana (PLD)  tras considerar que la ciudad necesita un cambio y un nuevo equipo de trabajo.<\/span><\/p>\n<\/p>\n<p><span class=\"text1noticias\">Contreras manifest\u00f3 que la Alcald\u00eda necesita un nuevo grupo de trabajo que ponga su empe\u00f1o y su inter\u00e9s en darle a la ciudad la consolidaci\u00f3n de un nuevo modelo.<\/span><\/p>\n<\/p>\n<p><span class=\"text1noticias\">El ex secretario del Ayuntamiento del DN expres\u00f3 que el ejercicio de la autoridad como se ejerce hoy desde el Distrito Nacional resulta ineficiente para responder al desaf\u00edo que tiene la ciudad.<\/span><\/p>\n<\/p>\n<p><span class=\"text1noticias\">Al ser entrevistado por el periodista Salvador Holgu\u00edn en el programa \u00abSin Cortapisa \u00abque se transmite por Teleradio Am\u00e9rica, canal 45, el dirigente del PLD indic\u00f3 que el Distrito Nacional ha cambiado el modelo horizontal por un modelo vertical por lo que requiere una nueva oleada de pol\u00edticas p\u00fablicas por parte de las autoridades.<\/span><\/p>\n<\/p>\n<p><span class=\"text1noticias\">Contreras detall\u00f3 que actualmente los ciudadanos viven el sistema de vivienda de m\u00e1s de un piso, y que la vivienda unifamiliar dej\u00f3 de ser el tipo de vivienda en que viv\u00edan los capitale\u00f1os y ha pasado a ser el condominio o la vivienda plurifamiliar el modelo donde viven, pero todav\u00eda desde el ayuntamiento hay un grupo de pol\u00edticas que no est\u00e1n adecuadas a la nueva ciudad que vive Santo Domingo.<\/span><\/p>\n<\/p>\n<p><span class=\"text1noticias\">\u00a8Creo que Roberto Salcedo en esta etapa de transici\u00f3n ha hecho cosas que son esenciales en el tema del espacio p\u00fablico y la defensor\u00eda pero que indudablemente yo creo que la ciudad de Santo Domingo ya est\u00e1 viviendo otro momento y que requiere una nueva oleada de pol\u00edticas\u00a8 dijo el ex secretario del Ayuntamiento.<\/span><\/p>\n<\/p>\n<p><span class=\"text1noticias\">Sobre el conflicto entre el ADN y la empresa Impacto Urbano<\/span><\/p>\n<\/p>\n<p><span class=\"text1noticias\">Domingo Contreras revel\u00f3 que el problema jur\u00eddico del Ayuntamiento del Distrito Nacional no fue un enfrentamiento generado por la administraci\u00f3n del Alcalde Roberto Salcedo sino que es un conflicto proveniente del periodo del ex alcalde Johnny Ventura por el retito de 11 vallas publicitarias pertenecientes a esa empresa.<\/span><\/p>\n<\/p>\n<p><span class=\"text1noticias\">Asegur\u00f3 que no tuvo nada que ver en los enfrentamientos entre la empresa publicitaria y la alcald\u00eda del DN a la vez que aclar\u00f3 que durante su gesti\u00f3n eligi\u00f3 un excelente equipo de abogados que tras su salida del ayuntamiento fue cambiado por la nueva administraci\u00f3n.<\/span><\/p>\n<\/p>\n<p><span class=\"text1noticias\">El programa \u00abSin Cortapisa\u00bb, se transmite de lunes a viernes de 8 a 9 am por Teleradio Am\u00e9rica canal 45 y 12 de Telecable, para todos los Estados Unidos, Centroam\u00e9rica y Europa por Supercanal Caribe y en la web www.sincortapisa.com, www.dajabondigital.com, en youtube \/hilandofinotv<\/span><\/p>\n<h6> 2014-08-05 19:27:38 <\/h6>\n<p><!--\n<link rel=\"stylesheet\" href=\"css\/bootstrap.min.css\">\n\n\n<ul class=\"pagination\">\n\t    \n\t\n\n<li >\n\t<a href='?page_no=14898'>Previous<\/a>\n\t<\/li>\n\n\n       \n    \n\n<li><a href='?page_no=1'>1<\/a><\/li>\n\n\n\n<li><a href='?page_no=2'>2<\/a><\/li>\n\n\n\n<li><a>...<\/a><\/li>\n\n\n\n<li><a href='?page_no=14897'>14897<\/a><\/li>\n\n\n\n<li><a href='?page_no=14898'>14898<\/a><\/li>\n\n\n\n<li class='active'><a>14899<\/a><\/li>\n\n\n\n<li><a href='?page_no=14900'>14900<\/a><\/li>\n\n\n\n<li><a href='?page_no=14901'>14901<\/a><\/li>\n\n\n\n<li><a>...<\/a><\/li>\n\n\n\n<li><a href='?page_no=36999'>36999<\/a><\/li>\n\n\n\n<li><a href='?page_no=37000'>37000<\/a><\/li>\n\n    \n\t\n\n<li >\n\t<a href='?page_no=14900'>Next<\/a>\n\t<\/li>\n\n\n    \n\n<li><a href='?page_no=37000'>Last &rsaquo;&rsaquo;<\/a><\/li>\n\n<\/ul>\n\n\n--><br \/>\n<\/body><\/p>\n","protected":false},"excerpt":{"rendered":"<p>Santo Domingo, RD, 5 de agosto.- El ex secretario del Ayuntamiento del Distrito Nacional, Domingo Contreras, anunci\u00f3 su candidatura a la Alcald\u00eda del Distrito Nacional por el Partido de la Liberaci\u00f3n Dominicana (PLD) tras considerar que la ciudad necesita un cambio y un nuevo equipo de trabajo. Contreras manifest\u00f3 que la Alcald\u00eda necesita un nuevo [&hellip;]<\/p>\n","protected":false},"author":3,"featured_media":0,"comment_status":"open","ping_status":"open","sticky":false,"template":"","format":"standard","meta":{"footnotes":""},"categories":[22],"tags":[],"class_list":["post-162498","post","type-post","status-publish","format-standard","hentry","category-politica"],"_links":{"self":[{"href":"https:\/\/diariodominicano.com\/index.php?rest_route=\/wp\/v2\/posts\/162498","targetHints":{"allow":["GET"]}}],"collection":[{"href":"https:\/\/diariodominicano.com\/index.php?rest_route=\/wp\/v2\/posts"}],"about":[{"href":"https:\/\/diariodominicano.com\/index.php?rest_route=\/wp\/v2\/types\/post"}],"author":[{"embeddable":true,"href":"https:\/\/diariodominicano.com\/index.php?rest_route=\/wp\/v2\/users\/3"}],"replies":[{"embeddable":true,"href":"https:\/\/diariodominicano.com\/index.php?rest_route=%2Fwp%2Fv2%2Fcomments&post=162498"}],"version-history":[{"count":0,"href":"https:\/\/diariodominicano.com\/index.php?rest_route=\/wp\/v2\/posts\/162498\/revisions"}],"wp:attachment":[{"href":"https:\/\/diariodominicano.com\/index.php?rest_route=%2Fwp%2Fv2%2Fmedia&parent=162498"}],"wp:term":[{"taxonomy":"category","embeddable":true,"href":"https:\/\/diariodominicano.com\/index.php?rest_route=%2Fwp%2Fv2%2Fcategories&post=162498"},{"taxonomy":"post_tag","embeddable":true,"href":"https:\/\/diariodominicano.com\/index.php?rest_route=%2Fwp%2Fv2%2Ftags&post=162498"}],"curies":[{"name":"wp","href":"https:\/\/api.w.org\/{rel}","templated":true}]}}