{"id":162497,"date":"2014-08-05T19:37:48","date_gmt":"2014-08-05T19:37:48","guid":{"rendered":"http:\/\/diariodominicano.ddns.net\/?p=162497"},"modified":"2014-08-05T19:37:48","modified_gmt":"2014-08-05T19:37:48","slug":"llamamos-al-fortalecimiento-y-la-unidad-patriotica-dominicana","status":"publish","type":"post","link":"https:\/\/diariodominicano.com\/?p=162497","title":{"rendered":"&#13;&#13;&#13;Llamamos al fortalecimiento y la unidad patri\u00f3tica dominicana"},"content":{"rendered":"<p><body><\/p>\n<\/p>\n<p><span class=\"text1noticias\">Santo Domingo, RD, 5 de agosto.- La Fuerza Boschista del Partido de la Liberaci\u00f3n Dominica, en el marco del 151 Aniversario de la Guerra de la Restauraci\u00f3n de la Rep\u00fablica Dominicana y del XVAniversario de nuestra organizaci\u00f3n doctrinaria a lo interno del PLD, llamaal pueblo en sentido general a fortalecer la unidad partidaria y patri\u00f3ticadominicana ya apoyar al Presidente Danilo Medina, ante las presiones internacionales que ha recibido este y el pueblo dominicano, en relaci\u00f3n a la problem\u00e1tica haitiana.  <\/span><\/p>\n<\/p>\n<p><span class=\"text1noticias\">\u00a8Ahora que se aproxima el 16 de agosto, d\u00eda nacional de la conmemoraci\u00f3n de laGuerra de la Restauraci\u00f3n de la Rep\u00fablica, hacemos un llamado  a la familia dominicana, a la sociedad, y a todas las instituciones , a presentar y desplegar, con entusiasmo c\u00edvico ahora m\u00e1s que nunca, la  paradigm\u00e1tica bandera dominicana\u00a8, dijo la entidad.<\/span><\/p>\n<\/p>\n<p><span class=\"text1noticias\">En ese sentido exhort\u00f3 al partido y al pueblo a apoyar las ejecutorias del gobierno Boschista del Presidente Danilo Medina, ante la intromisi\u00f3n de naciones y organismos internacionales y su prop\u00f3sito de  atentar contra la soberan\u00eda y la constitucionalidad de la Republica Dominicana en procura de  fusionar la isla.<\/span><\/p>\n<\/p>\n<p><span class=\"text1noticias\">\u00a8Alertamos al Comit\u00e9 Pol\u00edtico, al central, organismos medios y de base  a fortalecer la unidad partidaria asumiendo la defensa de la Independencia Nacional del 27 de febrero del 1844y su l\u00edder Juan Pablo Duarte, la Guerra deRestauraci\u00f3n de la Republica del 16 de agosto de 1863 y su l\u00edder GregorioLuper\u00f3n, quienes con  sacrificio, fuego, sangre y muertedeterminaron {junto a su discipulado} de manera definitivalasoberan\u00eda y la dignidad de la patria dominicana\u00a8, manifest\u00f3.<\/span><\/p>\n<h6> 2014-08-05 19:37:48 <\/h6>\n<p><!--\n<link rel=\"stylesheet\" href=\"css\/bootstrap.min.css\">\n\n\n<ul class=\"pagination\">\n\t    \n\t\n\n<li >\n\t<a href='?page_no=14897'>Previous<\/a>\n\t<\/li>\n\n\n       \n    \n\n<li><a href='?page_no=1'>1<\/a><\/li>\n\n\n\n<li><a href='?page_no=2'>2<\/a><\/li>\n\n\n\n<li><a>...<\/a><\/li>\n\n\n\n<li><a href='?page_no=14896'>14896<\/a><\/li>\n\n\n\n<li><a href='?page_no=14897'>14897<\/a><\/li>\n\n\n\n<li class='active'><a>14898<\/a><\/li>\n\n\n\n<li><a href='?page_no=14899'>14899<\/a><\/li>\n\n\n\n<li><a href='?page_no=14900'>14900<\/a><\/li>\n\n\n\n<li><a>...<\/a><\/li>\n\n\n\n<li><a href='?page_no=36999'>36999<\/a><\/li>\n\n\n\n<li><a href='?page_no=37000'>37000<\/a><\/li>\n\n    \n\t\n\n<li >\n\t<a href='?page_no=14899'>Next<\/a>\n\t<\/li>\n\n\n    \n\n<li><a href='?page_no=37000'>Last &rsaquo;&rsaquo;<\/a><\/li>\n\n<\/ul>\n\n\n--><br \/>\n<\/body><\/p>\n","protected":false},"excerpt":{"rendered":"<p>Santo Domingo, RD, 5 de agosto.- La Fuerza Boschista del Partido de la Liberaci\u00f3n Dominica, en el marco del 151 Aniversario de la Guerra de la Restauraci\u00f3n de la Rep\u00fablica Dominicana y del XVAniversario de nuestra organizaci\u00f3n doctrinaria a lo interno del PLD, llamaal pueblo en sentido general a fortalecer la unidad partidaria y patri\u00f3ticadominicana [&hellip;]<\/p>\n","protected":false},"author":3,"featured_media":0,"comment_status":"open","ping_status":"open","sticky":false,"template":"","format":"standard","meta":{"footnotes":""},"categories":[22],"tags":[],"class_list":["post-162497","post","type-post","status-publish","format-standard","hentry","category-politica"],"_links":{"self":[{"href":"https:\/\/diariodominicano.com\/index.php?rest_route=\/wp\/v2\/posts\/162497","targetHints":{"allow":["GET"]}}],"collection":[{"href":"https:\/\/diariodominicano.com\/index.php?rest_route=\/wp\/v2\/posts"}],"about":[{"href":"https:\/\/diariodominicano.com\/index.php?rest_route=\/wp\/v2\/types\/post"}],"author":[{"embeddable":true,"href":"https:\/\/diariodominicano.com\/index.php?rest_route=\/wp\/v2\/users\/3"}],"replies":[{"embeddable":true,"href":"https:\/\/diariodominicano.com\/index.php?rest_route=%2Fwp%2Fv2%2Fcomments&post=162497"}],"version-history":[{"count":0,"href":"https:\/\/diariodominicano.com\/index.php?rest_route=\/wp\/v2\/posts\/162497\/revisions"}],"wp:attachment":[{"href":"https:\/\/diariodominicano.com\/index.php?rest_route=%2Fwp%2Fv2%2Fmedia&parent=162497"}],"wp:term":[{"taxonomy":"category","embeddable":true,"href":"https:\/\/diariodominicano.com\/index.php?rest_route=%2Fwp%2Fv2%2Fcategories&post=162497"},{"taxonomy":"post_tag","embeddable":true,"href":"https:\/\/diariodominicano.com\/index.php?rest_route=%2Fwp%2Fv2%2Ftags&post=162497"}],"curies":[{"name":"wp","href":"https:\/\/api.w.org\/{rel}","templated":true}]}}