{"id":162495,"date":"2014-08-06T12:48:08","date_gmt":"2014-08-06T12:48:08","guid":{"rendered":"http:\/\/diariodominicano.ddns.net\/?p=162495"},"modified":"2014-08-06T12:48:08","modified_gmt":"2014-08-06T12:48:08","slug":"leonel-fernandez-le-reconoce-a-presidente-danilo-medina-sus-logros-en-2-anos","status":"publish","type":"post","link":"https:\/\/diariodominicano.com\/?p=162495","title":{"rendered":"Leonel Fern\u00e1ndez le reconoce a presidente Danilo Medina sus logros en 2 a\u00f1os"},"content":{"rendered":"<p><body><\/p>\n<p><img decoding=\"async\" src=\"img3\/leo 6.jpeg\" \/><br \/><img decoding=\"async\" src=\"img3\/leito 6.jpg\" \/>  <\/p>\n<p>Santiago RD 6 agosto.- El ex presidente Leonel Fern\u00e1ndez proclam\u00f3 aqu\u00ed que a pesar de la crisis internacional que a\u00fan persiste,  en los dos a\u00f1os de gobierno de Danilo, se ha logrado mantener la estabilidad, la confianza y la paz social, lo que a su entender son grandes logros para cualquier pa\u00eds del mundo.<\/p>\n<\/p>\n<p>Para Fern\u00e1ndez la mejor evaluaci\u00f3n de la gesti\u00f3n de Medina la ofrece la propia poblaci\u00f3n que apoya y reconoce las acciones que ha hecho en beneficio del pa\u00eds.<\/p>\n<\/p>\n<p>Cuando se le pregunt\u00f3 nuevamente sobre sus aspiraciones presidenciales para las elecciones de 2016, el presidente del Partido de la Liberaci\u00f3n Dominicana (PLD), se limit\u00f3 a repetir que \u00ablos vientos est\u00e1n empezando a soplar con bastante intensidad\u00bb.<\/p>\n<\/p>\n<p>\u00abLa mejor valoraci\u00f3n la est\u00e1 haciendo el pueblo. A sus dos a\u00f1os de gesti\u00f3n sin duda alguna el presidente Danilo Medina, a pesar de la crisis internacional, en la Rep\u00fablica Dominicana se ha mantenido la estabilidad, la confianza y la paz social\u00bb, sostuvo el exmandatario. <\/p>\n<\/p>\n<p>Consultado en relaci\u00f3n a los aspirantes a la nominaci\u00f3n presidencial por el PLD, Fern\u00e1ndez dijo que le desea mucha suerte.<\/p>\n<\/p>\n<p>En ese orden, signific\u00f3 que el PLD es un partido que no le niega a nadie la oportunidad de participar para obtener la nominaci\u00f3n presidencial o de cualquier cargo p\u00fablico.<\/p>\n<\/p>\n<p> Refiri\u00e9ndose a la decisi\u00f3n del Partido Reformista Social Cristiano (PRSC) de acudir independiente a las elecciones del 16 y al disgusto de la Fuerza Nacional Progresista, el ex Mandatario, sostiene que el Bloque Progresista se mantendr\u00e1 unido para los comicios presidenciales congresuales, municipales de los pr\u00f3ximos dos a\u00f1os. <\/p>\n<\/p>\n<p>\u00abNos reunimos peri\u00f3dicamente con los grandes aliados del Partido de la Liberaci\u00f3n Dominicana, con el caso del Partido Reformista propiamente nunca estuvo en el bloque, recuerden que el apoyo que hab\u00edamos recibido con  Carlos Morales Troncoso todav\u00eda no era propiamente el Partido Reformista\u00bb, observ\u00f3.<\/p>\n<\/p>\n<p>Fern\u00e1ndez habl\u00f3 con los periodistas luego de reunirse con directivos de la Cl\u00ednica Uni\u00f3n M\u00e9dica del Norte de Santiago.<\/p>\n<\/p>\n<p>Tambi\u00e9n  jurament\u00f3  a cientos de nuevos miembros que ingresan al PLD, durante  un acto organizado por la direcci\u00f3n local de esa organizaci\u00f3n pol\u00edtica que se desarroll\u00f3 en el Hotel Hodelpa Gran Almirante de Santiago. <\/p>\n<\/p>\n<p>Adem\u00e1s, estableci\u00f3 contactos con empresarios, comunicadores, dirigentes de ese partido aqu\u00ed y otros sectores importantes de esta provincia.<\/p>\n<\/p>\n<p>Acompa\u00f1aron a Leonel Fern\u00e1ndez el senador de Santiago, Julio Cesar Valent\u00edn, varios ministros durante sus gobiernos, como V\u00edctor D\u00edaz R\u00faa, Jos\u00e9 Izquierdo, Ra\u00fal Mart\u00ednez, Sabino B\u00e1ez, Ernesto Reina, entre otros<\/p>\n<h6> 2014-08-06 12:48:08 <\/h6>\n<p><!--\n<link rel=\"stylesheet\" href=\"css\/bootstrap.min.css\">\n\n\n<ul class=\"pagination\">\n\t    \n\t\n\n<li >\n\t<a href='?page_no=14895'>Previous<\/a>\n\t<\/li>\n\n\n       \n    \n\n<li><a href='?page_no=1'>1<\/a><\/li>\n\n\n\n<li><a href='?page_no=2'>2<\/a><\/li>\n\n\n\n<li><a>...<\/a><\/li>\n\n\n\n<li><a href='?page_no=14894'>14894<\/a><\/li>\n\n\n\n<li><a href='?page_no=14895'>14895<\/a><\/li>\n\n\n\n<li class='active'><a>14896<\/a><\/li>\n\n\n\n<li><a href='?page_no=14897'>14897<\/a><\/li>\n\n\n\n<li><a href='?page_no=14898'>14898<\/a><\/li>\n\n\n\n<li><a>...<\/a><\/li>\n\n\n\n<li><a href='?page_no=36999'>36999<\/a><\/li>\n\n\n\n<li><a href='?page_no=37000'>37000<\/a><\/li>\n\n    \n\t\n\n<li >\n\t<a href='?page_no=14897'>Next<\/a>\n\t<\/li>\n\n\n    \n\n<li><a href='?page_no=37000'>Last &rsaquo;&rsaquo;<\/a><\/li>\n\n<\/ul>\n\n\n--><br \/>\n<\/body><\/p>\n","protected":false},"excerpt":{"rendered":"<p>Santiago RD 6 agosto.- El ex presidente Leonel Fern\u00e1ndez proclam\u00f3 aqu\u00ed que a pesar de la crisis internacional que a\u00fan persiste, en los dos a\u00f1os de gobierno de Danilo, se ha logrado mantener la estabilidad, la confianza y la paz social, lo que a su entender son grandes logros para cualquier pa\u00eds del mundo. Para [&hellip;]<\/p>\n","protected":false},"author":3,"featured_media":0,"comment_status":"open","ping_status":"open","sticky":false,"template":"","format":"standard","meta":{"footnotes":""},"categories":[22],"tags":[],"class_list":["post-162495","post","type-post","status-publish","format-standard","hentry","category-politica"],"_links":{"self":[{"href":"https:\/\/diariodominicano.com\/index.php?rest_route=\/wp\/v2\/posts\/162495","targetHints":{"allow":["GET"]}}],"collection":[{"href":"https:\/\/diariodominicano.com\/index.php?rest_route=\/wp\/v2\/posts"}],"about":[{"href":"https:\/\/diariodominicano.com\/index.php?rest_route=\/wp\/v2\/types\/post"}],"author":[{"embeddable":true,"href":"https:\/\/diariodominicano.com\/index.php?rest_route=\/wp\/v2\/users\/3"}],"replies":[{"embeddable":true,"href":"https:\/\/diariodominicano.com\/index.php?rest_route=%2Fwp%2Fv2%2Fcomments&post=162495"}],"version-history":[{"count":0,"href":"https:\/\/diariodominicano.com\/index.php?rest_route=\/wp\/v2\/posts\/162495\/revisions"}],"wp:attachment":[{"href":"https:\/\/diariodominicano.com\/index.php?rest_route=%2Fwp%2Fv2%2Fmedia&parent=162495"}],"wp:term":[{"taxonomy":"category","embeddable":true,"href":"https:\/\/diariodominicano.com\/index.php?rest_route=%2Fwp%2Fv2%2Fcategories&post=162495"},{"taxonomy":"post_tag","embeddable":true,"href":"https:\/\/diariodominicano.com\/index.php?rest_route=%2Fwp%2Fv2%2Ftags&post=162495"}],"curies":[{"name":"wp","href":"https:\/\/api.w.org\/{rel}","templated":true}]}}