{"id":162494,"date":"2014-08-06T12:57:39","date_gmt":"2014-08-06T12:57:39","guid":{"rendered":"http:\/\/diariodominicano.ddns.net\/?p=162494"},"modified":"2014-08-06T12:57:39","modified_gmt":"2014-08-06T12:57:39","slug":"vocero-de-luis-abinader-asegura-90-de-la-militancia-del-prd-se-fue-con-la-convergencia-y-al-prm","status":"publish","type":"post","link":"https:\/\/diariodominicano.com\/?p=162494","title":{"rendered":"Vocero de Luis Abinader asegura 90% de la militancia del PRD se fue con la Convergencia y al PRM"},"content":{"rendered":"<p><body><\/p>\n<p><img decoding=\"async\" src=\"img3\/luis 6.jpg\" \/>  <\/p>\n<p>Santo Domingo, RD 6 agosto.- El vicepresidente del Partido Revolucionario Mayoritario (PRM), Roberto Furcal, revel\u00f3 que el 93% de los militantes del Partido Revolucionario Dominicano (PRD) abandono las filas de esa organizaci\u00f3n pol\u00edtica y se uni\u00f3 al PRM y la Convergencia.<\/p>\n<\/p>\n<p>Roberto Furcal, quien tambi\u00e9n es vocero de Luis Abinader, asegur\u00f3 que el Partido Revolucionario Mayoritario alberga a m\u00e1s del 90% de lo que fue el PRD y que estos datos est\u00e1n avalados por diversas encuestas que han realizado mientras trabajan en afianzar la marca mayoritaria y la simbolog\u00eda del nuevo partido.<\/p>\n<\/p>\n<p>El dirigente del PRM manifest\u00f3 que lo que fue la Alianza Social Dominicana ahora se convierte en Partido Revolucionario Mayoritario para albergar a los perrede\u00edstas y garantizar un cambio grande en la Republica Dominicana en las elecciones del 2016. <\/p>\n<\/p>\n<p>Al ser entrevistado por el periodista Salvador Holgu\u00edn en el programa \u00abSin Cortapisa \u00abque se transmite por Teleradio Am\u00e9rica, canal 45, expres\u00f3 que militantes del PRD que en alg\u00fan momento no se integraron a la campa\u00f1a para obtener la victoria en ese partido actualmente trabajar\u00e1n para que el PRM sea una opci\u00f3n de gobierno.<\/p>\n<\/p>\n<p>\u00a8Una parte de los compa\u00f1eros que por alguna confusi\u00f3n, alg\u00fan manejo o alguna presi\u00f3n de la c\u00fapula dirigencial del partido en ese momento no se integraron, a esa gente tambi\u00e9n le ha venido su tiempo de arrepentimiento, y de comprender que es mejor luchar por transformar el pa\u00eds, por colocar al partido en el poder por un gobierno de 4 a\u00f1os que una soluci\u00f3n personal e individual y material de apenas unos d\u00edas\u00a8 dijo Furcal.<\/p>\n<\/p>\n<p>Sobre separaci\u00f3n de Miguel Vargas Maldonado\t<\/p>\n<\/p>\n<p>El vicepresidente del PRM indic\u00f3 que abandono a Miguel Vargas porque para \u00e9l hay cosas que son de principios y lo que hizo el actual presidente del PRD en la Convenci\u00f3n Congresual y Municipal de haber derrotado por v\u00eda de hecho y no por v\u00eda de votos en muchas provincias del pa\u00eds las aspiraciones leg\u00edtimas de muchos dirigentes fue un costo muy alto para  Vargas Maldonado.<\/p>\n<\/p>\n<p>\u00a8Yo le puedo perdonar todos los errores que en pol\u00edtica se puedan cometer, que t\u00fa cometas un error no te hace condenable,  ahora la traici\u00f3n no est\u00e1 ni en mi diccionario ni en mi ideolog\u00eda, ni en mi \u00e9tica, ni en mi visi\u00f3n de la pol\u00edtica\u00a8 afirm\u00f3 Furcal.<\/p>\n<\/p>\n<p>Indic\u00f3 que es evidente que Miguel Vargas traicion\u00f3 al PRD y no solo \u00e9l tambi\u00e9n un grupo importante de ex compa\u00f1eros que est\u00e1n en su entorno que entendieron que su soluci\u00f3n era m\u00e1s importante que la soluci\u00f3n de dos millones de perrede\u00edstas y que la soluci\u00f3n del pueblo dominicano.<\/p>\n<\/p>\n<p>El programa \u00abSin Cortapisa\u00bb, se transmite de lunes a viernes de 8 a 9 am por Teleradio Am\u00e9rica canal 45 y 12 de Telecable, para todos los Estados Unidos, Centroam\u00e9rica y Europa por Supercanal Caribe y en la web www.sincortapisa.com, www.dajabondigital.com, en youtube \/hilandofinotv<\/p>\n<h6> 2014-08-06 12:57:39 <\/h6>\n<p><!--\n<link rel=\"stylesheet\" href=\"css\/bootstrap.min.css\">\n\n\n<ul class=\"pagination\">\n\t    \n\t\n\n<li >\n\t<a href='?page_no=14894'>Previous<\/a>\n\t<\/li>\n\n\n       \n    \n\n<li><a href='?page_no=1'>1<\/a><\/li>\n\n\n\n<li><a href='?page_no=2'>2<\/a><\/li>\n\n\n\n<li><a>...<\/a><\/li>\n\n\n\n<li><a href='?page_no=14893'>14893<\/a><\/li>\n\n\n\n<li><a href='?page_no=14894'>14894<\/a><\/li>\n\n\n\n<li class='active'><a>14895<\/a><\/li>\n\n\n\n<li><a href='?page_no=14896'>14896<\/a><\/li>\n\n\n\n<li><a href='?page_no=14897'>14897<\/a><\/li>\n\n\n\n<li><a>...<\/a><\/li>\n\n\n\n<li><a href='?page_no=36999'>36999<\/a><\/li>\n\n\n\n<li><a href='?page_no=37000'>37000<\/a><\/li>\n\n    \n\t\n\n<li >\n\t<a href='?page_no=14896'>Next<\/a>\n\t<\/li>\n\n\n    \n\n<li><a href='?page_no=37000'>Last &rsaquo;&rsaquo;<\/a><\/li>\n\n<\/ul>\n\n\n--><br \/>\n<\/body><\/p>\n","protected":false},"excerpt":{"rendered":"<p>Santo Domingo, RD 6 agosto.- El vicepresidente del Partido Revolucionario Mayoritario (PRM), Roberto Furcal, revel\u00f3 que el 93% de los militantes del Partido Revolucionario Dominicano (PRD) abandono las filas de esa organizaci\u00f3n pol\u00edtica y se uni\u00f3 al PRM y la Convergencia. Roberto Furcal, quien tambi\u00e9n es vocero de Luis Abinader, asegur\u00f3 que el Partido Revolucionario [&hellip;]<\/p>\n","protected":false},"author":3,"featured_media":0,"comment_status":"open","ping_status":"open","sticky":false,"template":"","format":"standard","meta":{"footnotes":""},"categories":[22],"tags":[],"class_list":["post-162494","post","type-post","status-publish","format-standard","hentry","category-politica"],"_links":{"self":[{"href":"https:\/\/diariodominicano.com\/index.php?rest_route=\/wp\/v2\/posts\/162494","targetHints":{"allow":["GET"]}}],"collection":[{"href":"https:\/\/diariodominicano.com\/index.php?rest_route=\/wp\/v2\/posts"}],"about":[{"href":"https:\/\/diariodominicano.com\/index.php?rest_route=\/wp\/v2\/types\/post"}],"author":[{"embeddable":true,"href":"https:\/\/diariodominicano.com\/index.php?rest_route=\/wp\/v2\/users\/3"}],"replies":[{"embeddable":true,"href":"https:\/\/diariodominicano.com\/index.php?rest_route=%2Fwp%2Fv2%2Fcomments&post=162494"}],"version-history":[{"count":0,"href":"https:\/\/diariodominicano.com\/index.php?rest_route=\/wp\/v2\/posts\/162494\/revisions"}],"wp:attachment":[{"href":"https:\/\/diariodominicano.com\/index.php?rest_route=%2Fwp%2Fv2%2Fmedia&parent=162494"}],"wp:term":[{"taxonomy":"category","embeddable":true,"href":"https:\/\/diariodominicano.com\/index.php?rest_route=%2Fwp%2Fv2%2Fcategories&post=162494"},{"taxonomy":"post_tag","embeddable":true,"href":"https:\/\/diariodominicano.com\/index.php?rest_route=%2Fwp%2Fv2%2Ftags&post=162494"}],"curies":[{"name":"wp","href":"https:\/\/api.w.org\/{rel}","templated":true}]}}