{"id":162493,"date":"2014-08-06T14:31:18","date_gmt":"2014-08-06T14:31:18","guid":{"rendered":"http:\/\/diariodominicano.ddns.net\/?p=162493"},"modified":"2014-08-06T14:31:18","modified_gmt":"2014-08-06T14:31:18","slug":"radhames-segura-afirma-no-le-teme-a-leonel-fernandez","status":"publish","type":"post","link":"https:\/\/diariodominicano.com\/?p=162493","title":{"rendered":"Radham\u00e9s Segura afirma no le teme a Leonel Fern\u00e1ndez&#13;"},"content":{"rendered":"<p><body><\/p>\n<p><img decoding=\"async\" src=\"img3\/segura 6.jpg\" \/>  <\/p>\n<p>Radham\u00e9s Segura afirma no le teme a Leonel Fern\u00e1ndez<\/p>\n<\/p>\n<p>El aspirante presidencial por el Partido de la Liberaci\u00f3n Dominicana, Radham\u00e9s Segura afirm\u00f3 que no le teme al ex presidente Leonel Fern\u00e1ndez y que \u00e9l tiene todo el derecho a optar por la nominaci\u00f3n presidencial por lo que quien quiera derrotarlo debe enfrentarlo de manera democr\u00e1tica y no tratando de excluirlo.<\/p>\n<\/p>\n<p>Expres\u00f3 que es partidario de una pol\u00edtica de inclusi\u00f3n y que el ex presidente no tiene impedimento para participar en las elecciones internas del PLD y que no \u00able teme al Le\u00f3n, ya que en el zool\u00f3gico estos est\u00e1n siempre enjaulados\u00bb.<\/p>\n<\/p>\n<p>Sostuvo que el ex mandatario le merece mucho respeto y admiraci\u00f3n y hay que reconocer que sus gobiernos han hecho importantes aportes al desarrollo del pueblo dominicano.  <\/p>\n<\/p>\n<p>Radham\u00e9s Segura hablo antes de iniciar una Asamblea Nacional de Dirigentes con la finalidad de evaluar el alcance de los trabajos que se vienen desarrollando a los fines de conformar  los n\u00facleos en cada uno de los comit\u00e9s intermedios del PLD del pa\u00eds.<\/p>\n<\/p>\n<p>Durante la actividad celebrada en un hotel de la Capital participaron cientos de coordinadores y enlaces del proyecto y se pas\u00f3 balance a los trabajos logrados hasta el momento, as\u00ed como la proyecci\u00f3n y la meta a alcanzar de aqu\u00ed a las elecciones internas del Partido de la Liberaci\u00f3n Dominicana que deber\u00e1n realizarse probablemente a mediado del a\u00f1o 2015.<\/p>\n<\/p>\n<p>Segura habl\u00f3 con la prensa, en compa\u00f1\u00eda del ex secretario general Lidio Cadet, los diputados Henry Meran y Carlos Qui\u00f1ones, mientras era ovacionado por cientos de dirigentes peledeistas.  <\/p>\n<\/p>\n<p>El aspirante presidencial peledeista Radham\u00e9s Segura destac\u00f3 la importancia de la conformaci\u00f3n de esos n\u00facleos por ser la \u00fanica garant\u00eda de de obtener votos los votos necesarios para alcanzar la victoria.<\/p>\n<\/p>\n<p>Sostuvo que su estructura crece cada d\u00eda de manera continua y progresiva y que no descansar\u00e1n hasta completar los n\u00facleos de trabajo en cada Comit\u00e9 Intermedio del partido fundado por el profesor Juan Bosch.<\/p>\n<\/p>\n<p>Dijo que su proyecto se est\u00e1 consolidando como una gran fuerza y que tiene como \u00fanica meta lograr la candidatura del partido morado y luego ganar las elecciones del 2016, para hacer un verdadero gobierno de justicia social. <\/p>\n<\/p>\n<h6> 2014-08-06 14:31:18 <\/h6>\n<p><!--\n<link rel=\"stylesheet\" href=\"css\/bootstrap.min.css\">\n\n\n<ul class=\"pagination\">\n\t    \n\t\n\n<li >\n\t<a href='?page_no=14893'>Previous<\/a>\n\t<\/li>\n\n\n       \n    \n\n<li><a href='?page_no=1'>1<\/a><\/li>\n\n\n\n<li><a href='?page_no=2'>2<\/a><\/li>\n\n\n\n<li><a>...<\/a><\/li>\n\n\n\n<li><a href='?page_no=14892'>14892<\/a><\/li>\n\n\n\n<li><a href='?page_no=14893'>14893<\/a><\/li>\n\n\n\n<li class='active'><a>14894<\/a><\/li>\n\n\n\n<li><a href='?page_no=14895'>14895<\/a><\/li>\n\n\n\n<li><a href='?page_no=14896'>14896<\/a><\/li>\n\n\n\n<li><a>...<\/a><\/li>\n\n\n\n<li><a href='?page_no=36999'>36999<\/a><\/li>\n\n\n\n<li><a href='?page_no=37000'>37000<\/a><\/li>\n\n    \n\t\n\n<li >\n\t<a href='?page_no=14895'>Next<\/a>\n\t<\/li>\n\n\n    \n\n<li><a href='?page_no=37000'>Last &rsaquo;&rsaquo;<\/a><\/li>\n\n<\/ul>\n\n\n--><br \/>\n<\/body><\/p>\n","protected":false},"excerpt":{"rendered":"<p>Radham\u00e9s Segura afirma no le teme a Leonel Fern\u00e1ndez El aspirante presidencial por el Partido de la Liberaci\u00f3n Dominicana, Radham\u00e9s Segura afirm\u00f3 que no le teme al ex presidente Leonel Fern\u00e1ndez y que \u00e9l tiene todo el derecho a optar por la nominaci\u00f3n presidencial por lo que quien quiera derrotarlo debe enfrentarlo de manera democr\u00e1tica [&hellip;]<\/p>\n","protected":false},"author":3,"featured_media":0,"comment_status":"open","ping_status":"open","sticky":false,"template":"","format":"standard","meta":{"footnotes":""},"categories":[22],"tags":[],"class_list":["post-162493","post","type-post","status-publish","format-standard","hentry","category-politica"],"_links":{"self":[{"href":"https:\/\/diariodominicano.com\/index.php?rest_route=\/wp\/v2\/posts\/162493","targetHints":{"allow":["GET"]}}],"collection":[{"href":"https:\/\/diariodominicano.com\/index.php?rest_route=\/wp\/v2\/posts"}],"about":[{"href":"https:\/\/diariodominicano.com\/index.php?rest_route=\/wp\/v2\/types\/post"}],"author":[{"embeddable":true,"href":"https:\/\/diariodominicano.com\/index.php?rest_route=\/wp\/v2\/users\/3"}],"replies":[{"embeddable":true,"href":"https:\/\/diariodominicano.com\/index.php?rest_route=%2Fwp%2Fv2%2Fcomments&post=162493"}],"version-history":[{"count":0,"href":"https:\/\/diariodominicano.com\/index.php?rest_route=\/wp\/v2\/posts\/162493\/revisions"}],"wp:attachment":[{"href":"https:\/\/diariodominicano.com\/index.php?rest_route=%2Fwp%2Fv2%2Fmedia&parent=162493"}],"wp:term":[{"taxonomy":"category","embeddable":true,"href":"https:\/\/diariodominicano.com\/index.php?rest_route=%2Fwp%2Fv2%2Fcategories&post=162493"},{"taxonomy":"post_tag","embeddable":true,"href":"https:\/\/diariodominicano.com\/index.php?rest_route=%2Fwp%2Fv2%2Ftags&post=162493"}],"curies":[{"name":"wp","href":"https:\/\/api.w.org\/{rel}","templated":true}]}}