{"id":162492,"date":"2014-08-06T14:36:13","date_gmt":"2014-08-06T14:36:13","guid":{"rendered":"http:\/\/diariodominicano.ddns.net\/?p=162492"},"modified":"2014-08-06T14:36:13","modified_gmt":"2014-08-06T14:36:13","slug":"francisco-javier-juramentara-este-domingo-jefes-de-campana","status":"publish","type":"post","link":"https:\/\/diariodominicano.com\/?p=162492","title":{"rendered":"Francisco Javier juramentar\u00e1 este domingo jefes de campa\u00f1a"},"content":{"rendered":"<p><body><\/p>\n<p>Santo Domingo RD 6 agosto.- .-El aspirante a la nominaci\u00f3n presidencial del Partido de la Liberaci\u00f3n Dominicana, Francisco Javier, en un masivo acto, juramentar\u00e1 este domingo 10 de agosto del 2014 a los encargados de los comandos de campa\u00f1a de su proyecto presidencial en San Crist\u00f3bal, Ban\u00ed y San Jos\u00e9 de Ocoa.<\/p>\n<\/p>\n<p>La actividad pol\u00edtica del pr\u00f3ximo domingo, y que se llevar\u00e1 a cabo en la calle General Leger, de San Crist\u00f3bal, es  organizada por el Proyecto Presidencial Francisco Javier 2016.<\/p>\n<\/p>\n<p>Al acto pol\u00edtico est\u00e1n invitados la prensa nacional, dirigentes pol\u00edticos, comunitarios, populares, empresarios y religiosos.<\/p>\n<\/p>\n<p>Es el segundo equipo de campa\u00f1a regional que juramentar\u00e1 Francisco Javier; el primero fue en el municipio de Mao, provincia Valverde, el pasado 13 de julio, que abarca toda la L\u00ednea Noroeste del pa\u00eds.<\/p>\n<\/p>\n<p>El evento hab\u00eda sido pospuesto a ra\u00edz del paso de la tormenta Bertha por el territorio nacional.<\/p>\n<h6> 2014-08-06 14:36:13 <\/h6>\n<p><!--\n<link rel=\"stylesheet\" href=\"css\/bootstrap.min.css\">\n\n\n<ul class=\"pagination\">\n\t    \n\t\n\n<li >\n\t<a href='?page_no=14892'>Previous<\/a>\n\t<\/li>\n\n\n       \n    \n\n<li><a href='?page_no=1'>1<\/a><\/li>\n\n\n\n<li><a href='?page_no=2'>2<\/a><\/li>\n\n\n\n<li><a>...<\/a><\/li>\n\n\n\n<li><a href='?page_no=14891'>14891<\/a><\/li>\n\n\n\n<li><a href='?page_no=14892'>14892<\/a><\/li>\n\n\n\n<li class='active'><a>14893<\/a><\/li>\n\n\n\n<li><a href='?page_no=14894'>14894<\/a><\/li>\n\n\n\n<li><a href='?page_no=14895'>14895<\/a><\/li>\n\n\n\n<li><a>...<\/a><\/li>\n\n\n\n<li><a href='?page_no=36999'>36999<\/a><\/li>\n\n\n\n<li><a href='?page_no=37000'>37000<\/a><\/li>\n\n    \n\t\n\n<li >\n\t<a href='?page_no=14894'>Next<\/a>\n\t<\/li>\n\n\n    \n\n<li><a href='?page_no=37000'>Last &rsaquo;&rsaquo;<\/a><\/li>\n\n<\/ul>\n\n\n--><br \/>\n<\/body><\/p>\n","protected":false},"excerpt":{"rendered":"<p>Santo Domingo RD 6 agosto.- .-El aspirante a la nominaci\u00f3n presidencial del Partido de la Liberaci\u00f3n Dominicana, Francisco Javier, en un masivo acto, juramentar\u00e1 este domingo 10 de agosto del 2014 a los encargados de los comandos de campa\u00f1a de su proyecto presidencial en San Crist\u00f3bal, Ban\u00ed y San Jos\u00e9 de Ocoa. La actividad pol\u00edtica [&hellip;]<\/p>\n","protected":false},"author":3,"featured_media":0,"comment_status":"open","ping_status":"open","sticky":false,"template":"","format":"standard","meta":{"footnotes":""},"categories":[22],"tags":[],"class_list":["post-162492","post","type-post","status-publish","format-standard","hentry","category-politica"],"_links":{"self":[{"href":"https:\/\/diariodominicano.com\/index.php?rest_route=\/wp\/v2\/posts\/162492","targetHints":{"allow":["GET"]}}],"collection":[{"href":"https:\/\/diariodominicano.com\/index.php?rest_route=\/wp\/v2\/posts"}],"about":[{"href":"https:\/\/diariodominicano.com\/index.php?rest_route=\/wp\/v2\/types\/post"}],"author":[{"embeddable":true,"href":"https:\/\/diariodominicano.com\/index.php?rest_route=\/wp\/v2\/users\/3"}],"replies":[{"embeddable":true,"href":"https:\/\/diariodominicano.com\/index.php?rest_route=%2Fwp%2Fv2%2Fcomments&post=162492"}],"version-history":[{"count":0,"href":"https:\/\/diariodominicano.com\/index.php?rest_route=\/wp\/v2\/posts\/162492\/revisions"}],"wp:attachment":[{"href":"https:\/\/diariodominicano.com\/index.php?rest_route=%2Fwp%2Fv2%2Fmedia&parent=162492"}],"wp:term":[{"taxonomy":"category","embeddable":true,"href":"https:\/\/diariodominicano.com\/index.php?rest_route=%2Fwp%2Fv2%2Fcategories&post=162492"},{"taxonomy":"post_tag","embeddable":true,"href":"https:\/\/diariodominicano.com\/index.php?rest_route=%2Fwp%2Fv2%2Ftags&post=162492"}],"curies":[{"name":"wp","href":"https:\/\/api.w.org\/{rel}","templated":true}]}}