{"id":162489,"date":"2014-08-06T14:52:29","date_gmt":"2014-08-06T14:52:29","guid":{"rendered":"http:\/\/diariodominicano.ddns.net\/?p=162489"},"modified":"2014-08-06T14:52:29","modified_gmt":"2014-08-06T14:52:29","slug":"jose-del-castillo-tengo-todo-el-derecho-a-aspirar-a-senador","status":"publish","type":"post","link":"https:\/\/diariodominicano.com\/?p=162489","title":{"rendered":"Jos\u00e9 del Castillo: \u00abTengo todo el derecho a aspirar a senador\u00bb"},"content":{"rendered":"<p><body><\/p>\n<p>Barahona RD 6 agosto.- El Ministro de Industria y Comercio, licenciado Jos\u00e9 del Castillo Savi\u00f1\u00f3n dijo que \u00e9l tiene todo el derecho a aspirar a la senadur\u00eda de esta provincia por el Partido de la Liberaci\u00f3n Dominicana (PLD).             <\/p>\n<\/p>\n<p>Dijo que desde hace meses est\u00e1 trabajando en los municipios sosteniendo encuentros con la militancia peledeista que lo respaldan.            <\/p>\n<\/p>\n<p>\u00abHemos optado por la precandidatura. Ustedes han visto que nuestras aspiraciones se ha anunciado formalmente, por lo que la publicidad esta en las calles\u00bb, subray\u00f3.             <\/p>\n<\/p>\n<p>El licenciado Del Castillo Savi\u00f1\u00f3n reiter\u00f3 que tiene todo el derecho de buscar la nominaci\u00f3n senatorial de la provincia por lo que trabaja en ese sentido.            <\/p>\n<\/p>\n<p>Otro peledeista que aspira a la candidatura a senador es el gobernador Pedro Pe\u00f1a Rubio.           <\/p>\n<\/p>\n<p>Mientras que el actual, el licenciado Eddy Mateo V\u00e1squez no ha anunciado que aspira a la reelecci\u00f3n.           <\/p>\n<h6> 2014-08-06 14:52:29 <\/h6>\n<p><!--\n<link rel=\"stylesheet\" href=\"css\/bootstrap.min.css\">\n\n\n<ul class=\"pagination\">\n\t    \n\t\n\n<li >\n\t<a href='?page_no=14889'>Previous<\/a>\n\t<\/li>\n\n\n       \n    \n\n<li><a href='?page_no=1'>1<\/a><\/li>\n\n\n\n<li><a href='?page_no=2'>2<\/a><\/li>\n\n\n\n<li><a>...<\/a><\/li>\n\n\n\n<li><a href='?page_no=14888'>14888<\/a><\/li>\n\n\n\n<li><a href='?page_no=14889'>14889<\/a><\/li>\n\n\n\n<li class='active'><a>14890<\/a><\/li>\n\n\n\n<li><a href='?page_no=14891'>14891<\/a><\/li>\n\n\n\n<li><a href='?page_no=14892'>14892<\/a><\/li>\n\n\n\n<li><a>...<\/a><\/li>\n\n\n\n<li><a href='?page_no=36999'>36999<\/a><\/li>\n\n\n\n<li><a href='?page_no=37000'>37000<\/a><\/li>\n\n    \n\t\n\n<li >\n\t<a href='?page_no=14891'>Next<\/a>\n\t<\/li>\n\n\n    \n\n<li><a href='?page_no=37000'>Last &rsaquo;&rsaquo;<\/a><\/li>\n\n<\/ul>\n\n\n--><br \/>\n<\/body><\/p>\n","protected":false},"excerpt":{"rendered":"<p>Barahona RD 6 agosto.- El Ministro de Industria y Comercio, licenciado Jos\u00e9 del Castillo Savi\u00f1\u00f3n dijo que \u00e9l tiene todo el derecho a aspirar a la senadur\u00eda de esta provincia por el Partido de la Liberaci\u00f3n Dominicana (PLD). Dijo que desde hace meses est\u00e1 trabajando en los municipios sosteniendo encuentros con la militancia peledeista que [&hellip;]<\/p>\n","protected":false},"author":3,"featured_media":0,"comment_status":"open","ping_status":"open","sticky":false,"template":"","format":"standard","meta":{"footnotes":""},"categories":[22],"tags":[],"class_list":["post-162489","post","type-post","status-publish","format-standard","hentry","category-politica"],"_links":{"self":[{"href":"https:\/\/diariodominicano.com\/index.php?rest_route=\/wp\/v2\/posts\/162489","targetHints":{"allow":["GET"]}}],"collection":[{"href":"https:\/\/diariodominicano.com\/index.php?rest_route=\/wp\/v2\/posts"}],"about":[{"href":"https:\/\/diariodominicano.com\/index.php?rest_route=\/wp\/v2\/types\/post"}],"author":[{"embeddable":true,"href":"https:\/\/diariodominicano.com\/index.php?rest_route=\/wp\/v2\/users\/3"}],"replies":[{"embeddable":true,"href":"https:\/\/diariodominicano.com\/index.php?rest_route=%2Fwp%2Fv2%2Fcomments&post=162489"}],"version-history":[{"count":0,"href":"https:\/\/diariodominicano.com\/index.php?rest_route=\/wp\/v2\/posts\/162489\/revisions"}],"wp:attachment":[{"href":"https:\/\/diariodominicano.com\/index.php?rest_route=%2Fwp%2Fv2%2Fmedia&parent=162489"}],"wp:term":[{"taxonomy":"category","embeddable":true,"href":"https:\/\/diariodominicano.com\/index.php?rest_route=%2Fwp%2Fv2%2Fcategories&post=162489"},{"taxonomy":"post_tag","embeddable":true,"href":"https:\/\/diariodominicano.com\/index.php?rest_route=%2Fwp%2Fv2%2Ftags&post=162489"}],"curies":[{"name":"wp","href":"https:\/\/api.w.org\/{rel}","templated":true}]}}