{"id":162487,"date":"2014-08-06T18:47:53","date_gmt":"2014-08-06T18:47:53","guid":{"rendered":"http:\/\/diariodominicano.ddns.net\/?p=162487"},"modified":"2014-08-06T18:47:53","modified_gmt":"2014-08-06T18:47:53","slug":"mieses-considera-alcaldia-sde-no-preserva-rio-ozama","status":"publish","type":"post","link":"https:\/\/diariodominicano.com\/?p=162487","title":{"rendered":"&#13;&#13;Mieses  considera Alcald\u00eda SDE no preserva  r\u00edo Ozama"},"content":{"rendered":"<p><body><\/p>\n<p><img decoding=\"async\" src=\"img3\/mieses.jpg\" \/>  <\/p>\n<\/p>\n<p><span class=\"text1noticias\">Santo Domingo, RD, 6 de agosto.- El aspirante a la alcald\u00eda por el Municipio de Santo Domingo Este, Andy Mieses,  consider\u00f3  que la administraci\u00f3n del cabildo de la zona oriental no ha hecho nada  por la preservaci\u00f3n del r\u00edo Ozama , pese a ser  el cuerpo de agua donde se establece el Primer Puerto de Am\u00e9rica.<\/span><\/p>\n<\/p>\n<p><span class=\"text1noticias\">Mieses  narr\u00f3 que  se detuvo  en el puerto flotante  a observar  el \u00abtapizado\u00bb de  basura dom\u00e9stica, matorrales y lilas de  esta riada.  <\/span><\/p>\n<\/p>\n<p><span class=\"text1noticias\">\u00abLa alcald\u00eda de Santo Domingo Este ha sido indiferente con la destrucci\u00f3n progresiva del r\u00edo Ozama, porque todos los desechos que no recoge el cabildo local, cuando llueve van a parar a este cuerpo de agua\u00bb, afirm\u00f3.<\/span><\/p>\n<\/p>\n<p><span class=\"text1noticias\">Se\u00f1al\u00f3 que el r\u00edo Ozama debido a las \u00faltimas lluvias arrastra desperdicios  que  se acumulan en el puente Flotante, y que una  brigada de 12 marinos con una vara de madera  y dos peque\u00f1os botes tratan afanosamente de limpiar las aguas en este punto.<\/span><\/p>\n<\/p>\n<p><span class=\"text1noticias\">Dijo que, sin embargo, la Alcald\u00eda de Santo Domingo Este  no env\u00eda personal ni ning\u00fan tipo de equipos para reforzar el trabajo de los miembros de la Armada Dominicana.<\/span><\/p>\n<\/p>\n<p><span class=\"text1noticias\">Agreg\u00f3 que esta situaci\u00f3n afecta  el sustento diario de los trabajadores  del mar, compuesto por capitanes , remadores, pescadores y vendedores  que no pueden salir mar adentro  porque  los  desperdicios  flotando sobre las aguas del  Ozama, impiden  el tr\u00e1nsito de sus peque\u00f1as embarcaciones.<\/span><\/p>\n<\/p>\n<p><span class=\"text1noticias\">\u00abCuando  este cuerpo de agua se llena de basura crea un problema de contaminaci\u00f3n alimentaria, porque  muchos de sus peces mueren,   crea un problema social porque  quienes viven  de la explotaci\u00f3n de la pesca no pueden  ejercer su oficio,  crea un problema  de debilidad visual urban\u00edstica  porque impacta de manera negativa en la gente, muy especialmente de los turistas extranjeros que diariamente cruzan  el puente que enlaza  con la ciudad colonial y viceversa, pero las actuales autoridades municipales  no  tienen ning\u00fan criterio sobre este da\u00f1o de una  incalculable p\u00e9rdida \u00ab, explic\u00f3.<\/span><\/p>\n<\/p>\n<p><span class=\"text1noticias\">El aspirante a alcalde se\u00f1al\u00f3, asimismo, que debido a la falta de una pol\u00edtica de protecci\u00f3n de las  \u00e1reas boscosas donde nace dicho r\u00edo y  la  preservaci\u00f3n de los recursos naturales, su situaci\u00f3n se profundiza  porque dentro del  deficiente esquema de trabajo del gobierno local este cuerpo de agua no cuenta.<\/span><\/p>\n<\/p>\n<p><span class=\"text1noticias\">\u00abLa actual alcald\u00eda de la zona oriental  durante su  mandato  que agosta 10 a\u00f1os,  ha estado de espalda  a los problemas  medioambientales y  a  la degradaci\u00f3n de nuestros recursos naturales  en sentido general\u00bb, acot\u00f3.<\/span><\/p>\n<h6> 2014-08-06 18:47:53 <\/h6>\n<p><!--\n<link rel=\"stylesheet\" href=\"css\/bootstrap.min.css\">\n\n\n<ul class=\"pagination\">\n\t    \n\t\n\n<li >\n\t<a href='?page_no=14888'>Previous<\/a>\n\t<\/li>\n\n\n       \n    \n\n<li><a href='?page_no=1'>1<\/a><\/li>\n\n\n\n<li><a href='?page_no=2'>2<\/a><\/li>\n\n\n\n<li><a>...<\/a><\/li>\n\n\n\n<li><a href='?page_no=14887'>14887<\/a><\/li>\n\n\n\n<li><a href='?page_no=14888'>14888<\/a><\/li>\n\n\n\n<li class='active'><a>14889<\/a><\/li>\n\n\n\n<li><a href='?page_no=14890'>14890<\/a><\/li>\n\n\n\n<li><a href='?page_no=14891'>14891<\/a><\/li>\n\n\n\n<li><a>...<\/a><\/li>\n\n\n\n<li><a href='?page_no=36999'>36999<\/a><\/li>\n\n\n\n<li><a href='?page_no=37000'>37000<\/a><\/li>\n\n    \n\t\n\n<li >\n\t<a href='?page_no=14890'>Next<\/a>\n\t<\/li>\n\n\n    \n\n<li><a href='?page_no=37000'>Last &rsaquo;&rsaquo;<\/a><\/li>\n\n<\/ul>\n\n\n--><br \/>\n<\/body><\/p>\n","protected":false},"excerpt":{"rendered":"<p>Santo Domingo, RD, 6 de agosto.- El aspirante a la alcald\u00eda por el Municipio de Santo Domingo Este, Andy Mieses, consider\u00f3 que la administraci\u00f3n del cabildo de la zona oriental no ha hecho nada por la preservaci\u00f3n del r\u00edo Ozama , pese a ser el cuerpo de agua donde se establece el Primer Puerto de [&hellip;]<\/p>\n","protected":false},"author":3,"featured_media":0,"comment_status":"open","ping_status":"open","sticky":false,"template":"","format":"standard","meta":{"footnotes":""},"categories":[22],"tags":[],"class_list":["post-162487","post","type-post","status-publish","format-standard","hentry","category-politica"],"_links":{"self":[{"href":"https:\/\/diariodominicano.com\/index.php?rest_route=\/wp\/v2\/posts\/162487","targetHints":{"allow":["GET"]}}],"collection":[{"href":"https:\/\/diariodominicano.com\/index.php?rest_route=\/wp\/v2\/posts"}],"about":[{"href":"https:\/\/diariodominicano.com\/index.php?rest_route=\/wp\/v2\/types\/post"}],"author":[{"embeddable":true,"href":"https:\/\/diariodominicano.com\/index.php?rest_route=\/wp\/v2\/users\/3"}],"replies":[{"embeddable":true,"href":"https:\/\/diariodominicano.com\/index.php?rest_route=%2Fwp%2Fv2%2Fcomments&post=162487"}],"version-history":[{"count":0,"href":"https:\/\/diariodominicano.com\/index.php?rest_route=\/wp\/v2\/posts\/162487\/revisions"}],"wp:attachment":[{"href":"https:\/\/diariodominicano.com\/index.php?rest_route=%2Fwp%2Fv2%2Fmedia&parent=162487"}],"wp:term":[{"taxonomy":"category","embeddable":true,"href":"https:\/\/diariodominicano.com\/index.php?rest_route=%2Fwp%2Fv2%2Fcategories&post=162487"},{"taxonomy":"post_tag","embeddable":true,"href":"https:\/\/diariodominicano.com\/index.php?rest_route=%2Fwp%2Fv2%2Ftags&post=162487"}],"curies":[{"name":"wp","href":"https:\/\/api.w.org\/{rel}","templated":true}]}}