{"id":162485,"date":"2014-08-06T19:41:42","date_gmt":"2014-08-06T19:41:42","guid":{"rendered":"http:\/\/diariodominicano.ddns.net\/?p=162485"},"modified":"2014-08-06T19:41:42","modified_gmt":"2014-08-06T19:41:42","slug":"leonel-fernandez-juramenta-400-jovenes-de-santiago-en-las-filas-del-partido","status":"publish","type":"post","link":"https:\/\/diariodominicano.com\/?p=162485","title":{"rendered":"&#13;Leonel Fern\u00e1ndez juramenta 400 j\u00f3venes de Santiago en las filas del Partido"},"content":{"rendered":"<p><body><\/p>\n<p><img decoding=\"async\" src=\"http:\/\/localhost:8080\/img3\/juramento.jpg\" \/><br \/><img decoding=\"async\" src=\"img3\/presidentejuramenta.jpg\" \/>  <\/p>\n<\/p>\n<p><span class=\"text1noticias\"> <\/span><\/p>\n<p><span class=\"text1noticias\">Santo Domingo, RD, 6 de agosto.- El ex presidente de la Rep\u00fablica, Leonel Fern\u00e1ndez , presidente del Partido de la Liberaci\u00f3n Dominicana (PLD) al juramentar m\u00e1s de 400 j\u00f3venes de Santiago que ingresaron a esa organizaci\u00f3n pol\u00edtica, proyect\u00f3 una revoluci\u00f3n juvenil dado  el talento que tienen los juramentados y la experiencia acumulada por la dirigencia del Partido.<\/span><\/p>\n<p><span class=\"text1noticias\"> <\/span><\/p>\n<p><span class=\"text1noticias\">Explic\u00f3 que se va a desarrollar una agenda acorde con los valores, los intereses y las aspiraciones de la juventud dominicana.<\/span><\/p>\n<p><span class=\"text1noticias\"> <\/span><\/p>\n<p><span class=\"text1noticias\">Posterior al solemne momento del juramento para ingresar al Partido de la Liberaci\u00f3n Dominicana por intermedio de su frente juvenil, la JPLD, el exmandatario pronunci\u00f3 un discurso dando la bienvenida a los nuevos peledeistas.<\/span><\/p>\n<p><span class=\"text1noticias\"> <\/span><\/p>\n<p><span class=\"text1noticias\">Record\u00f3  que al crearse en el reci\u00e9n concluido VIII Congreso Ordinario Comandante Norge Botello una estructura juvenil propia le da la oportunidad al PLD, como organizaci\u00f3n pol\u00edtica, de abordar temas propios de esas edades, que no se hace en la estructura pol\u00edtica partidaria.  <\/span><\/p>\n<p><span class=\"text1noticias\"> <\/span><\/p>\n<p><span class=\"text1noticias\">Los j\u00f3venes juramentados en la JPLD son profesionales de distintas carreras.<\/span><\/p>\n<p><span class=\"text1noticias\"> <\/span><\/p>\n<p><span class=\"text1noticias\">Felicit\u00f3 a los j\u00f3venes por el paso dado de organizarse en el PLD, instrumento pol\u00edtico que servir\u00e1 para canalizar inquietudes e interrogantes juveniles.<\/span><\/p>\n<p><span class=\"text1noticias\"> <\/span><\/p>\n<p><span class=\"text1noticias\">La actividad se desarroll\u00f3 en unos de los salones del hotel Gran Almirante de Santiago, organizada por la direcci\u00f3n local del PLD y el joven Adriano Abreu Sued, quien antecedi\u00f3 con un discurso a las palabras finales del acto a cargo del ex presidente Leonel Fern\u00e1ndez en su condici\u00f3n de Presidente del PLD.<\/span><\/p>\n<p><span class=\"text1noticias\"> <\/span><\/p>\n<p><span class=\"text1noticias\">Abreu Sued explic\u00f3 que decidieron dar el paso atra\u00eddos por el orden y la disciplina del PLD como organizaci\u00f3n pol\u00edtica, inspirados en el pensamiento del profesor Juan Bosch y por la obra de los gobiernos que han encabezado \u00a1Leonel Fern\u00e1ndez y Danilo Medina.  <\/span><\/p>\n<p><span class=\"text1noticias\"> <\/span><\/p>\n<p><span class=\"text1noticias\">Como testigo de la juramentaci\u00f3n y formando parte de la mesa de honor, participaron Julio Cesar Valent\u00edn, Senador de la Rep\u00fablica, miembro del Comit\u00e9 Pol\u00edtico del PLD, Radham\u00e9s Jim\u00e9nez, miembro del Comit\u00e9 Pol\u00edtico, Franklin Rodr\u00edguez, coordinador general de la JPLD y Omar Fern\u00e1ndez, hijo del ex Presidente Leonel Fern\u00e1ndez y coordinador de un grupo similar juramentado en la ciudad capital  <\/span><\/p>\n<h6> 2014-08-06 19:41:42 <\/h6>\n<p><!--\n<link rel=\"stylesheet\" href=\"css\/bootstrap.min.css\">\n\n\n<ul class=\"pagination\">\n\t    \n\t\n\n<li >\n\t<a href='?page_no=14886'>Previous<\/a>\n\t<\/li>\n\n\n       \n    \n\n<li><a href='?page_no=1'>1<\/a><\/li>\n\n\n\n<li><a href='?page_no=2'>2<\/a><\/li>\n\n\n\n<li><a>...<\/a><\/li>\n\n\n\n<li><a href='?page_no=14885'>14885<\/a><\/li>\n\n\n\n<li><a href='?page_no=14886'>14886<\/a><\/li>\n\n\n\n<li class='active'><a>14887<\/a><\/li>\n\n\n\n<li><a href='?page_no=14888'>14888<\/a><\/li>\n\n\n\n<li><a href='?page_no=14889'>14889<\/a><\/li>\n\n\n\n<li><a>...<\/a><\/li>\n\n\n\n<li><a href='?page_no=36999'>36999<\/a><\/li>\n\n\n\n<li><a href='?page_no=37000'>37000<\/a><\/li>\n\n    \n\t\n\n<li >\n\t<a href='?page_no=14888'>Next<\/a>\n\t<\/li>\n\n\n    \n\n<li><a href='?page_no=37000'>Last &rsaquo;&rsaquo;<\/a><\/li>\n\n<\/ul>\n\n\n--><br \/>\n<\/body><\/p>\n","protected":false},"excerpt":{"rendered":"<p>Santo Domingo, RD, 6 de agosto.- El ex presidente de la Rep\u00fablica, Leonel Fern\u00e1ndez , presidente del Partido de la Liberaci\u00f3n Dominicana (PLD) al juramentar m\u00e1s de 400 j\u00f3venes de Santiago que ingresaron a esa organizaci\u00f3n pol\u00edtica, proyect\u00f3 una revoluci\u00f3n juvenil dado el talento que tienen los juramentados y la experiencia acumulada por la dirigencia [&hellip;]<\/p>\n","protected":false},"author":3,"featured_media":0,"comment_status":"open","ping_status":"open","sticky":false,"template":"","format":"standard","meta":{"footnotes":""},"categories":[22],"tags":[],"class_list":["post-162485","post","type-post","status-publish","format-standard","hentry","category-politica"],"_links":{"self":[{"href":"https:\/\/diariodominicano.com\/index.php?rest_route=\/wp\/v2\/posts\/162485","targetHints":{"allow":["GET"]}}],"collection":[{"href":"https:\/\/diariodominicano.com\/index.php?rest_route=\/wp\/v2\/posts"}],"about":[{"href":"https:\/\/diariodominicano.com\/index.php?rest_route=\/wp\/v2\/types\/post"}],"author":[{"embeddable":true,"href":"https:\/\/diariodominicano.com\/index.php?rest_route=\/wp\/v2\/users\/3"}],"replies":[{"embeddable":true,"href":"https:\/\/diariodominicano.com\/index.php?rest_route=%2Fwp%2Fv2%2Fcomments&post=162485"}],"version-history":[{"count":0,"href":"https:\/\/diariodominicano.com\/index.php?rest_route=\/wp\/v2\/posts\/162485\/revisions"}],"wp:attachment":[{"href":"https:\/\/diariodominicano.com\/index.php?rest_route=%2Fwp%2Fv2%2Fmedia&parent=162485"}],"wp:term":[{"taxonomy":"category","embeddable":true,"href":"https:\/\/diariodominicano.com\/index.php?rest_route=%2Fwp%2Fv2%2Fcategories&post=162485"},{"taxonomy":"post_tag","embeddable":true,"href":"https:\/\/diariodominicano.com\/index.php?rest_route=%2Fwp%2Fv2%2Ftags&post=162485"}],"curies":[{"name":"wp","href":"https:\/\/api.w.org\/{rel}","templated":true}]}}