{"id":162484,"date":"2014-08-06T20:39:45","date_gmt":"2014-08-06T20:39:45","guid":{"rendered":"http:\/\/diariodominicano.ddns.net\/?p=162484"},"modified":"2014-08-06T20:39:45","modified_gmt":"2014-08-06T20:39:45","slug":"presidente-de-la-apd-dice-presidente-danilo-medina-terminara-su-gobierno-sin-pena-ni-gloria","status":"publish","type":"post","link":"https:\/\/diariodominicano.com\/?p=162484","title":{"rendered":"Presidente de la APD dice presidente Danilo Medina terminar\u00e1 su gobierno \u00absin pena ni gloria\u00bb"},"content":{"rendered":"<p><body><\/p>\n<p><img decoding=\"async\" src=\"img3\/Max.jpg\" \/>  <\/p>\n<p><span class=\"text1noticias\">Santo Domingo, RD, 6 de Agosto.- El presidente del Partido Alianza por la Democracia (APD), Max Puig asegur\u00f3 que el Gobierno de Danilo Medina terminar\u00e1 \u00absin pena ni gloria\u00bb porque perdi\u00f3 el tiempo para trabajar. <\/span><\/p>\n<\/p>\n<p><span class=\"text1noticias\">Max Puig manifest\u00f3 que cuando un gobierno se propone realizar transformaciones relevantes tiene que arrancar con fuerza en ese prop\u00f3sito desde el inicio y ya Danilo Medina tiene 2 a\u00f1os gobernando y las grandes transformaciones prometidas no arrancan.<\/span><\/p>\n<\/p>\n<p><span class=\"text1noticias\">\u00abDentro de nueve meses comienza la campa\u00f1a y en el \u00faltimo a\u00f1o no se hace nunca nada, solo le quedan  nueves meses para accionar\u00bb, expres\u00f3 el dirigente pol\u00edtico.<\/span><\/p>\n<\/p>\n<p><span class=\"text1noticias\">Al ser entrevistado por el periodista Salvador Holgu\u00edn en el programa \u00abSin Cortapisa \u00abque se transmite por Teleradio Am\u00e9rica, canal 45, Puig resalt\u00f3 el caso de la justicia dominicana donde seg\u00fan declaraciones del presidente de la <\/span><\/p>\n<\/p>\n<p><span class=\"text1noticias\">Suprema Corte de Justicia, Mariano German y el procurador General de la Republica, Francisco Dom\u00ednguez Brito pr\u00e1cticamente la justicia est\u00e1 en colapso.<\/span><\/p>\n<\/p>\n<p><span class=\"text1noticias\">Manifest\u00f3 que el gobierno de Danilo Medina es un gobierno que se est\u00e1 manejando manipulando a la opini\u00f3n p\u00fablica pero al final de los cuatro a\u00f1os no habr\u00e1 nada realmente sobresaliente para recordarlo. <\/span><\/p>\n<p><span class=\"text1noticias\">Asegura construcci\u00f3n de plantas a carb\u00f3n son \u00abuna operaci\u00f3n secreta\u00bb.<\/span><\/p>\n<\/p>\n<p><span class=\"text1noticias\">El presidente de la APD indic\u00f3 que el gobierno planea construir dos grandes plantas a carb\u00f3n en Punta Catalina, algo que no solamente no conviene sino que se est\u00e1 manejando con la menor transparencia posible.<\/span><\/p>\n<p><span class=\"text1noticias\">\u00abEstoy planteando que la planta de carb\u00f3n es una operaci\u00f3n secreta, en las plantas de carb\u00f3n no hay nada claro, eso est\u00e1 m\u00e1s obscuro que una cueva de mil metros de profundidad\u00bb, agreg\u00f3.<\/span><\/p>\n<\/p>\n<p><span class=\"text1noticias\">Record\u00f3 que la Ley 64-06 de Medio Ambiente y  Recursos Naturales establece que cuando se va a conocer el estudio de impacto ambiental debe ser dado a conocer a la opini\u00f3n p\u00fablica a todos los interesados, pero expreso que si no hay estudio no se da a conocer, por lo tanto el plan es secreto.<\/span><\/p>\n<p><span class=\"text1noticias\">Aboga por creaci\u00f3n de \u00abMovimiento electoral del pueblo\u00bb.<\/span><\/p>\n<\/p>\n<p><span class=\"text1noticias\">Max Puig llam\u00f3 a todos los partidos y las fuerzas pol\u00edticas emergentes o alternativas para formar una coalici\u00f3n o un \u00abMovimiento electoral del pueblo\u00bb para presentar candidaturas en las pr\u00f3ximas elecciones del a\u00f1o 2016.(HG)<\/span>.<\/p>\n<h6> 2014-08-06 20:39:45 <\/h6>\n<p><!--\n<link rel=\"stylesheet\" href=\"css\/bootstrap.min.css\">\n\n\n<ul class=\"pagination\">\n\t    \n\t\n\n<li >\n\t<a href='?page_no=14885'>Previous<\/a>\n\t<\/li>\n\n\n       \n    \n\n<li><a href='?page_no=1'>1<\/a><\/li>\n\n\n\n<li><a href='?page_no=2'>2<\/a><\/li>\n\n\n\n<li><a>...<\/a><\/li>\n\n\n\n<li><a href='?page_no=14884'>14884<\/a><\/li>\n\n\n\n<li><a href='?page_no=14885'>14885<\/a><\/li>\n\n\n\n<li class='active'><a>14886<\/a><\/li>\n\n\n\n<li><a href='?page_no=14887'>14887<\/a><\/li>\n\n\n\n<li><a href='?page_no=14888'>14888<\/a><\/li>\n\n\n\n<li><a>...<\/a><\/li>\n\n\n\n<li><a href='?page_no=36999'>36999<\/a><\/li>\n\n\n\n<li><a href='?page_no=37000'>37000<\/a><\/li>\n\n    \n\t\n\n<li >\n\t<a href='?page_no=14887'>Next<\/a>\n\t<\/li>\n\n\n    \n\n<li><a href='?page_no=37000'>Last &rsaquo;&rsaquo;<\/a><\/li>\n\n<\/ul>\n\n\n--><br \/>\n<\/body><\/p>\n","protected":false},"excerpt":{"rendered":"<p>Santo Domingo, RD, 6 de Agosto.- El presidente del Partido Alianza por la Democracia (APD), Max Puig asegur\u00f3 que el Gobierno de Danilo Medina terminar\u00e1 \u00absin pena ni gloria\u00bb porque perdi\u00f3 el tiempo para trabajar. Max Puig manifest\u00f3 que cuando un gobierno se propone realizar transformaciones relevantes tiene que arrancar con fuerza en ese prop\u00f3sito [&hellip;]<\/p>\n","protected":false},"author":3,"featured_media":0,"comment_status":"open","ping_status":"open","sticky":false,"template":"","format":"standard","meta":{"footnotes":""},"categories":[22],"tags":[],"class_list":["post-162484","post","type-post","status-publish","format-standard","hentry","category-politica"],"_links":{"self":[{"href":"https:\/\/diariodominicano.com\/index.php?rest_route=\/wp\/v2\/posts\/162484","targetHints":{"allow":["GET"]}}],"collection":[{"href":"https:\/\/diariodominicano.com\/index.php?rest_route=\/wp\/v2\/posts"}],"about":[{"href":"https:\/\/diariodominicano.com\/index.php?rest_route=\/wp\/v2\/types\/post"}],"author":[{"embeddable":true,"href":"https:\/\/diariodominicano.com\/index.php?rest_route=\/wp\/v2\/users\/3"}],"replies":[{"embeddable":true,"href":"https:\/\/diariodominicano.com\/index.php?rest_route=%2Fwp%2Fv2%2Fcomments&post=162484"}],"version-history":[{"count":0,"href":"https:\/\/diariodominicano.com\/index.php?rest_route=\/wp\/v2\/posts\/162484\/revisions"}],"wp:attachment":[{"href":"https:\/\/diariodominicano.com\/index.php?rest_route=%2Fwp%2Fv2%2Fmedia&parent=162484"}],"wp:term":[{"taxonomy":"category","embeddable":true,"href":"https:\/\/diariodominicano.com\/index.php?rest_route=%2Fwp%2Fv2%2Fcategories&post=162484"},{"taxonomy":"post_tag","embeddable":true,"href":"https:\/\/diariodominicano.com\/index.php?rest_route=%2Fwp%2Fv2%2Ftags&post=162484"}],"curies":[{"name":"wp","href":"https:\/\/api.w.org\/{rel}","templated":true}]}}