{"id":162483,"date":"2014-08-07T05:44:20","date_gmt":"2014-08-07T05:44:20","guid":{"rendered":"http:\/\/diariodominicano.ddns.net\/?p=162483"},"modified":"2014-08-07T05:44:20","modified_gmt":"2014-08-07T05:44:20","slug":"fallece-el-comunicador-y-dirigente-medio-del-pld-ramon-liriano","status":"publish","type":"post","link":"https:\/\/diariodominicano.com\/?p=162483","title":{"rendered":"Fallece el comunicador  y dirigente medio del PLD  Ram\u00f3n Liriano"},"content":{"rendered":"<p><body><\/p>\n<p><img decoding=\"async\" src=\"img3\/Liriano00.jpg\" \/>  <\/p>\n<\/p>\n<p><span class=\"text1noticias\">SANTO DOMINGO, RD, 7 de Agosto de 2014.-Falleci\u00f3 ayer el comunicador y dirigente medio del Partido de la Liberaci\u00f3n Dominicana, Ram\u00f3n Liriano, quien sufr\u00eda quebrantos de salud.<\/span><\/p>\n<\/p>\n<p><span class=\"text1noticias\">El Bloque de Diputados del PLD   calific\u00f3 a  Ram\u00f3n Liriano como un hombre ejemplar entregado a su trabajo y manifest\u00f3  su pesar por la p\u00e9rdida y se uni\u00f3  al dolor que embarga a su familia y allegados.<\/span><\/p>\n<\/p>\n<p><span class=\"text1noticias\">La informaci\u00f3n fue confirmada por  la secretar\u00eda de Comunicaciones del PLD, que envi\u00f3 a Diario Dominicano la siguiente nota informativa:<\/span><\/p>\n<p><span class=\"text1noticias\">\u00abCon pesar el Partido de la Liberaci\u00f3n Dominicana confirm\u00f3 el fallecimiento  de  Ram\u00f3n Liriano, comunicador de muchos a\u00f1os de ejercicio y dirigente medio del PLD en la Circunscripci\u00f3n Tres del Distrito Nacional<\/span><\/p>\n<\/p>\n<p><span class=\"text1noticias\">\u00abAquejado de diabetes cr\u00f3nica y complicaciones renales, su estado de salud se fue deteriorado en los \u00faltimos d\u00edas<\/span><\/p>\n<\/p>\n<p><span class=\"text1noticias\">\u00abAl momento de su fallecimiento se desempe\u00f1aba como coordinador de prensa del Bloque de Diputados del Partido de la Liberaci\u00f3n Dominicana (PLD) y militaba en el Comit\u00e9 Intermedio del PLD \u00abCoronel Fern\u00e1ndez Dom\u00ednguez\u00bb del sector Capotillo en la Capital<\/span><\/p>\n<\/p>\n<p><span class=\"text1noticias\">\u00abLe sobreviven su esposa y dos hijas menores de edad.<\/span><\/p>\n<\/p>\n<p><span class=\"text1noticias\">\u00abGran conocedor de los deportes, ejerciendo  cronista en esa \u00e1rea y  produciendo  un programa radial de opini\u00f3n y de comentarios deportivos<\/span><\/p>\n<\/p>\n<p><span class=\"text1noticias\">\u00abEl Bloque de Diputados del PLD en una nota enviada esta tarde  calific\u00f3 a  Ram\u00f3n Liriano como un hombre ejemplar entregado a su trabajo exterioriz\u00f3 su pesar por la p\u00e9rdida y se une al dolor que embarga a su familia y allegados\u00bb.<\/span><\/p>\n<\/p>\n<\/p>\n<h6> 2014-08-07 05:44:20 <\/h6>\n<p><!--\n<link rel=\"stylesheet\" href=\"css\/bootstrap.min.css\">\n\n\n<ul class=\"pagination\">\n\t    \n\t\n\n<li >\n\t<a href='?page_no=14884'>Previous<\/a>\n\t<\/li>\n\n\n       \n    \n\n<li><a href='?page_no=1'>1<\/a><\/li>\n\n\n\n<li><a href='?page_no=2'>2<\/a><\/li>\n\n\n\n<li><a>...<\/a><\/li>\n\n\n\n<li><a href='?page_no=14883'>14883<\/a><\/li>\n\n\n\n<li><a href='?page_no=14884'>14884<\/a><\/li>\n\n\n\n<li class='active'><a>14885<\/a><\/li>\n\n\n\n<li><a href='?page_no=14886'>14886<\/a><\/li>\n\n\n\n<li><a href='?page_no=14887'>14887<\/a><\/li>\n\n\n\n<li><a>...<\/a><\/li>\n\n\n\n<li><a href='?page_no=36999'>36999<\/a><\/li>\n\n\n\n<li><a href='?page_no=37000'>37000<\/a><\/li>\n\n    \n\t\n\n<li >\n\t<a href='?page_no=14886'>Next<\/a>\n\t<\/li>\n\n\n    \n\n<li><a href='?page_no=37000'>Last &rsaquo;&rsaquo;<\/a><\/li>\n\n<\/ul>\n\n\n--><br \/>\n<\/body><\/p>\n","protected":false},"excerpt":{"rendered":"<p>SANTO DOMINGO, RD, 7 de Agosto de 2014.-Falleci\u00f3 ayer el comunicador y dirigente medio del Partido de la Liberaci\u00f3n Dominicana, Ram\u00f3n Liriano, quien sufr\u00eda quebrantos de salud. El Bloque de Diputados del PLD calific\u00f3 a Ram\u00f3n Liriano como un hombre ejemplar entregado a su trabajo y manifest\u00f3 su pesar por la p\u00e9rdida y se uni\u00f3 [&hellip;]<\/p>\n","protected":false},"author":3,"featured_media":0,"comment_status":"open","ping_status":"open","sticky":false,"template":"","format":"standard","meta":{"footnotes":""},"categories":[22],"tags":[],"class_list":["post-162483","post","type-post","status-publish","format-standard","hentry","category-politica"],"_links":{"self":[{"href":"https:\/\/diariodominicano.com\/index.php?rest_route=\/wp\/v2\/posts\/162483","targetHints":{"allow":["GET"]}}],"collection":[{"href":"https:\/\/diariodominicano.com\/index.php?rest_route=\/wp\/v2\/posts"}],"about":[{"href":"https:\/\/diariodominicano.com\/index.php?rest_route=\/wp\/v2\/types\/post"}],"author":[{"embeddable":true,"href":"https:\/\/diariodominicano.com\/index.php?rest_route=\/wp\/v2\/users\/3"}],"replies":[{"embeddable":true,"href":"https:\/\/diariodominicano.com\/index.php?rest_route=%2Fwp%2Fv2%2Fcomments&post=162483"}],"version-history":[{"count":0,"href":"https:\/\/diariodominicano.com\/index.php?rest_route=\/wp\/v2\/posts\/162483\/revisions"}],"wp:attachment":[{"href":"https:\/\/diariodominicano.com\/index.php?rest_route=%2Fwp%2Fv2%2Fmedia&parent=162483"}],"wp:term":[{"taxonomy":"category","embeddable":true,"href":"https:\/\/diariodominicano.com\/index.php?rest_route=%2Fwp%2Fv2%2Fcategories&post=162483"},{"taxonomy":"post_tag","embeddable":true,"href":"https:\/\/diariodominicano.com\/index.php?rest_route=%2Fwp%2Fv2%2Ftags&post=162483"}],"curies":[{"name":"wp","href":"https:\/\/api.w.org\/{rel}","templated":true}]}}