{"id":162482,"date":"2014-08-07T16:42:30","date_gmt":"2014-08-07T16:42:30","guid":{"rendered":"http:\/\/diariodominicano.ddns.net\/?p=162482"},"modified":"2014-08-07T16:42:30","modified_gmt":"2014-08-07T16:42:30","slug":"temo-dice-aspiraciones-presidenciales-leonel-fernandez-no-son-vientos-que-tumban-coco","status":"publish","type":"post","link":"https:\/\/diariodominicano.com\/?p=162482","title":{"rendered":"Temo dice aspiraciones presidenciales Leonel Fern\u00e1ndez \u00abno son vientos que tumban coco\u00bb"},"content":{"rendered":"<p><body><\/p>\n<p><img decoding=\"async\" src=\"img3\/temo 7.jpg\" \/>  <\/p>\n<p>Santo Domingo RD 7 agosto.- Ante el anuncio del lanzamiento de la precandidatura presidente de Leonel Fern\u00e1ndez en enero de a\u00f1o pr\u00f3ximo, el tambi\u00e9n aspirante a la nominaci\u00f3n presidencial, Tem\u00edstocles Montas, afirm\u00f3 que \u00abesos no son vientos que tumban coco\u00bb.<\/p>\n<\/p>\n<p>Montas respondi\u00f3 as\u00ed de manera escueta a una pregunta de los periodistas en el Palacio Nacional, sobre la implicaci\u00f3n a lo interno del Partido de Liberaci\u00f3n Dominicana el anuncio del exministro de Obras P\u00fablicas, V\u00edctor D\u00edas R\u00faa, de que el expresidente Fern\u00e1ndez lanzar\u00e1 su precandidatura en enero del a\u00f1o 2015.<\/p>\n<\/p>\n<p>\u00abLo \u00fanico que le puedo decir a ustedes es que esos no son vientos que tumban coco\u00bb, fue la respuesta del funcionario a los periodistas.<\/p>\n<\/p>\n<p>D\u00edaz R\u00faa tambi\u00e9n revel\u00f3 en esa ocasi\u00f3n que el tambi\u00e9n presidente PLD, le sugiri\u00f3 a la militancia peledeista no comprometerse pol\u00edticamente, ya que \u00e9l se presentar\u00e1 el pr\u00f3ximo a\u00f1o.<\/p>\n<\/p>\n<p>De los precandidatos peledeistas, Mont\u00e1s ha sido el m\u00e1s en\u00e9rgico en sus declaraciones p\u00fablicas, las cuales han sido incluso interpretadas como cr\u00edticas a gestiones gubernamentales anteriores de las que \u00e9l tambi\u00e9n ha formado parte.<\/p>\n<\/p>\n<h6> 2014-08-07 16:42:30 <\/h6>\n<p><!--\n<link rel=\"stylesheet\" href=\"css\/bootstrap.min.css\">\n\n\n<ul class=\"pagination\">\n\t    \n\t\n\n<li >\n\t<a href='?page_no=14883'>Previous<\/a>\n\t<\/li>\n\n\n       \n    \n\n<li><a href='?page_no=1'>1<\/a><\/li>\n\n\n\n<li><a href='?page_no=2'>2<\/a><\/li>\n\n\n\n<li><a>...<\/a><\/li>\n\n\n\n<li><a href='?page_no=14882'>14882<\/a><\/li>\n\n\n\n<li><a href='?page_no=14883'>14883<\/a><\/li>\n\n\n\n<li class='active'><a>14884<\/a><\/li>\n\n\n\n<li><a href='?page_no=14885'>14885<\/a><\/li>\n\n\n\n<li><a href='?page_no=14886'>14886<\/a><\/li>\n\n\n\n<li><a>...<\/a><\/li>\n\n\n\n<li><a href='?page_no=36999'>36999<\/a><\/li>\n\n\n\n<li><a href='?page_no=37000'>37000<\/a><\/li>\n\n    \n\t\n\n<li >\n\t<a href='?page_no=14885'>Next<\/a>\n\t<\/li>\n\n\n    \n\n<li><a href='?page_no=37000'>Last &rsaquo;&rsaquo;<\/a><\/li>\n\n<\/ul>\n\n\n--><br \/>\n<\/body><\/p>\n","protected":false},"excerpt":{"rendered":"<p>Santo Domingo RD 7 agosto.- Ante el anuncio del lanzamiento de la precandidatura presidente de Leonel Fern\u00e1ndez en enero de a\u00f1o pr\u00f3ximo, el tambi\u00e9n aspirante a la nominaci\u00f3n presidencial, Tem\u00edstocles Montas, afirm\u00f3 que \u00abesos no son vientos que tumban coco\u00bb. Montas respondi\u00f3 as\u00ed de manera escueta a una pregunta de los periodistas en el Palacio [&hellip;]<\/p>\n","protected":false},"author":3,"featured_media":0,"comment_status":"open","ping_status":"open","sticky":false,"template":"","format":"standard","meta":{"footnotes":""},"categories":[22],"tags":[],"class_list":["post-162482","post","type-post","status-publish","format-standard","hentry","category-politica"],"_links":{"self":[{"href":"https:\/\/diariodominicano.com\/index.php?rest_route=\/wp\/v2\/posts\/162482","targetHints":{"allow":["GET"]}}],"collection":[{"href":"https:\/\/diariodominicano.com\/index.php?rest_route=\/wp\/v2\/posts"}],"about":[{"href":"https:\/\/diariodominicano.com\/index.php?rest_route=\/wp\/v2\/types\/post"}],"author":[{"embeddable":true,"href":"https:\/\/diariodominicano.com\/index.php?rest_route=\/wp\/v2\/users\/3"}],"replies":[{"embeddable":true,"href":"https:\/\/diariodominicano.com\/index.php?rest_route=%2Fwp%2Fv2%2Fcomments&post=162482"}],"version-history":[{"count":0,"href":"https:\/\/diariodominicano.com\/index.php?rest_route=\/wp\/v2\/posts\/162482\/revisions"}],"wp:attachment":[{"href":"https:\/\/diariodominicano.com\/index.php?rest_route=%2Fwp%2Fv2%2Fmedia&parent=162482"}],"wp:term":[{"taxonomy":"category","embeddable":true,"href":"https:\/\/diariodominicano.com\/index.php?rest_route=%2Fwp%2Fv2%2Fcategories&post=162482"},{"taxonomy":"post_tag","embeddable":true,"href":"https:\/\/diariodominicano.com\/index.php?rest_route=%2Fwp%2Fv2%2Ftags&post=162482"}],"curies":[{"name":"wp","href":"https:\/\/api.w.org\/{rel}","templated":true}]}}