{"id":162481,"date":"2014-08-07T17:41:29","date_gmt":"2014-08-07T17:41:29","guid":{"rendered":"http:\/\/diariodominicano.ddns.net\/?p=162481"},"modified":"2014-08-07T17:41:29","modified_gmt":"2014-08-07T17:41:29","slug":"vocero-de-los-diputados-del-pld-afirma-que-como-militante-defendera-siempre-su-partido","status":"publish","type":"post","link":"https:\/\/diariodominicano.com\/?p=162481","title":{"rendered":"Vocero de los diputados del PLD afirma que como militante defender\u00e1 siempre su Partido"},"content":{"rendered":"<p><body><\/p>\n<p><img decoding=\"async\" src=\"img3\/perdon 7.jpg\" \/>  <\/p>\n<p>Presentar\u00e1 excusas<\/p>\n<\/p>\n<\/p>\n<p>Vocero de los diputados del PLD afirma que como militante defender\u00e1 siempre su Partido<\/p>\n<\/p>\n<p>El vocero del bloque de diputados del Partido de la Liberaci\u00f3n Dominicana confirm\u00f3 que el embajador de los Estados Unidos en el pa\u00eds James (Wally) Brewster fue sacado fuera de contexto por algunos medios de comunicaci\u00f3n al referirse al tema de la concentraci\u00f3n de poder.<\/p>\n<\/p>\n<p>Rub\u00e9n Maldonado, miembro del Comit\u00e9 Central del PLD, quien critic\u00f3 las declaraciones  inform\u00f3 que en las pr\u00f3ximas horas enviar\u00e1 una comunicaci\u00f3n al diplom\u00e1tico  en la que le ofrecer\u00e1 su disculpa y le explicar\u00e1 el mal entendido.<\/p>\n<\/p>\n<p>\u00abEl se\u00f1or embajador yo entiendo que no ha agredido a nuestro Partido, que no agredi\u00f3 a nuestra organizaci\u00f3n y en consecuencia nosotros estamos en la obligaci\u00f3n de  darle una satisfacci\u00f3n\u00bb, explic\u00f3<\/p>\n<\/p>\n<p>Maldonado, entrevistado en el programa radial El Sol de la Ma\u00f1ana y rese\u00f1ado por prensa del PLD, tambi\u00e9n confirm\u00f3 que James Brewster envi\u00f3 una comunicaci\u00f3n al Comit\u00e9 Pol\u00edtico del Partido de la Liberaci\u00f3n Dominicana sobre el tema, desde donde se le fue  notificado.<\/p>\n<\/p>\n<p> No obstante a eso, el dirigente pelede\u00edsta dijo que no se arrepiente de defender  su Partido, pues como miembro del Comit\u00e9 Central tienen el derecho y la obligaci\u00f3n de hacerlo frente a quien sea.<\/p>\n<\/p>\n<p>Explic\u00f3 que si hoy en d\u00eda el Partido de la Liberaci\u00f3n Dominicana esta al frente de ramas del Estado,  se debe a que el pueblo dominicano le concedi\u00f3 ese derecho mediante el voto y respaldo<\/p>\n<\/p>\n<p>Record\u00f3 que el PLD ha ganado cinco procesos electorales de manera consecutivas en los \u00faltimos cert\u00e1menes electorales y que eso se debe al apoyo lib\u00e9rrimo que le ha dado la poblaci\u00f3n a esa organizaci\u00f3n.<\/p>\n<h6> 2014-08-07 17:41:29 <\/h6>\n<p><!--\n<link rel=\"stylesheet\" href=\"css\/bootstrap.min.css\">\n\n\n<ul class=\"pagination\">\n\t    \n\t\n\n<li >\n\t<a href='?page_no=14882'>Previous<\/a>\n\t<\/li>\n\n\n       \n    \n\n<li><a href='?page_no=1'>1<\/a><\/li>\n\n\n\n<li><a href='?page_no=2'>2<\/a><\/li>\n\n\n\n<li><a>...<\/a><\/li>\n\n\n\n<li><a href='?page_no=14881'>14881<\/a><\/li>\n\n\n\n<li><a href='?page_no=14882'>14882<\/a><\/li>\n\n\n\n<li class='active'><a>14883<\/a><\/li>\n\n\n\n<li><a href='?page_no=14884'>14884<\/a><\/li>\n\n\n\n<li><a href='?page_no=14885'>14885<\/a><\/li>\n\n\n\n<li><a>...<\/a><\/li>\n\n\n\n<li><a href='?page_no=36999'>36999<\/a><\/li>\n\n\n\n<li><a href='?page_no=37000'>37000<\/a><\/li>\n\n    \n\t\n\n<li >\n\t<a href='?page_no=14884'>Next<\/a>\n\t<\/li>\n\n\n    \n\n<li><a href='?page_no=37000'>Last &rsaquo;&rsaquo;<\/a><\/li>\n\n<\/ul>\n\n\n--><br \/>\n<\/body><\/p>\n","protected":false},"excerpt":{"rendered":"<p>Presentar\u00e1 excusas Vocero de los diputados del PLD afirma que como militante defender\u00e1 siempre su Partido El vocero del bloque de diputados del Partido de la Liberaci\u00f3n Dominicana confirm\u00f3 que el embajador de los Estados Unidos en el pa\u00eds James (Wally) Brewster fue sacado fuera de contexto por algunos medios de comunicaci\u00f3n al referirse al [&hellip;]<\/p>\n","protected":false},"author":3,"featured_media":0,"comment_status":"open","ping_status":"open","sticky":false,"template":"","format":"standard","meta":{"footnotes":""},"categories":[22],"tags":[],"class_list":["post-162481","post","type-post","status-publish","format-standard","hentry","category-politica"],"_links":{"self":[{"href":"https:\/\/diariodominicano.com\/index.php?rest_route=\/wp\/v2\/posts\/162481","targetHints":{"allow":["GET"]}}],"collection":[{"href":"https:\/\/diariodominicano.com\/index.php?rest_route=\/wp\/v2\/posts"}],"about":[{"href":"https:\/\/diariodominicano.com\/index.php?rest_route=\/wp\/v2\/types\/post"}],"author":[{"embeddable":true,"href":"https:\/\/diariodominicano.com\/index.php?rest_route=\/wp\/v2\/users\/3"}],"replies":[{"embeddable":true,"href":"https:\/\/diariodominicano.com\/index.php?rest_route=%2Fwp%2Fv2%2Fcomments&post=162481"}],"version-history":[{"count":0,"href":"https:\/\/diariodominicano.com\/index.php?rest_route=\/wp\/v2\/posts\/162481\/revisions"}],"wp:attachment":[{"href":"https:\/\/diariodominicano.com\/index.php?rest_route=%2Fwp%2Fv2%2Fmedia&parent=162481"}],"wp:term":[{"taxonomy":"category","embeddable":true,"href":"https:\/\/diariodominicano.com\/index.php?rest_route=%2Fwp%2Fv2%2Fcategories&post=162481"},{"taxonomy":"post_tag","embeddable":true,"href":"https:\/\/diariodominicano.com\/index.php?rest_route=%2Fwp%2Fv2%2Ftags&post=162481"}],"curies":[{"name":"wp","href":"https:\/\/api.w.org\/{rel}","templated":true}]}}