{"id":162478,"date":"2014-08-07T18:38:16","date_gmt":"2014-08-07T18:38:16","guid":{"rendered":"http:\/\/diariodominicano.ddns.net\/?p=162478"},"modified":"2014-08-07T18:38:16","modified_gmt":"2014-08-07T18:38:16","slug":"pld-informa-continua-este-sabado-seminario-formacion-politica-en-santo-domingo-este","status":"publish","type":"post","link":"https:\/\/diariodominicano.com\/?p=162478","title":{"rendered":"&#13;&#13;PLD informa contin\u00faa este s\u00e1bado seminario Formaci\u00f3n Pol\u00edtica  en Santo Domingo Este"},"content":{"rendered":"<p><body><\/p>\n<\/p>\n<\/p>\n<p><span class=\"text1noticias\">Santo Domingo, RD, 7 de agosto.- El Partido de la Liberaci\u00f3n Dominicana inform\u00f3 que este S\u00e1bado desde la 8:30 am, contin\u00faa el seminario \u00abHacia una Nueva Visi\u00f3n de la Formaci\u00f3n Pol\u00edtica\u00bb, en el Club de los Legisladores, en Santo Domingo Este.<\/span><\/p>\n<\/p>\n<p><span class=\"text1noticias\">El evento acoger\u00e1 a las compa\u00f1eras de Santo Domingo Este, Boca Chica y Guerra.<\/span><\/p>\n<p><span class=\"text1noticias\"> <\/span><\/p>\n<p><span class=\"text1noticias\">\u00a8All\u00ed se presentar\u00e1 y explicar\u00e1, como en las jornadas de los fines de semana anteriores, el Programa de Formaci\u00f3n Pol\u00edtica refrendado por el VIII Congreso Ordinario Comandante Norge Botello, que establece como requisito imprescindible aprobar uno o varios de los tres niveles contemplados para poder aspirar a puestos directivos dentro del PLD o a cargos p\u00fablicos de elecci\u00f3n\u00a8, explica la organizaci\u00f3n pol\u00edtica en un documento de prensa<\/span><\/p>\n<p><span class=\"text1noticias\"> <\/span><\/p>\n<p><span class=\"text1noticias\">Se\u00f1ala que la actividad es para todos los presidentes provinciales y municipales de la regi\u00f3n convocada, los de comit\u00e9s intermedios; las y los miembros del Comit\u00e9 Central, titulares locales de Formaci\u00f3n Pol\u00edtica; quienes compartir\u00e1n escenario con los correspondientes senadores, diputados, ejecutivos de alcald\u00edas, distritos municipales, consejales, etc.<\/span><\/p>\n<p><span class=\"text1noticias\"> <\/span><\/p>\n<p><span class=\"text1noticias\">La transmisi\u00f3n en vivo por Internet y la divulgaci\u00f3n de las redes sociales ser\u00e1 la modalidad para hacer part\u00edcipes a las bases del partido del Nuevo Programa de Formaci\u00f3n Pol\u00edtica y los contenidos del Nivel B\u00e1sico.<\/span><\/p>\n<h6> 2014-08-07 18:38:16 <\/h6>\n<p><!--\n<link rel=\"stylesheet\" href=\"css\/bootstrap.min.css\">\n\n\n<ul class=\"pagination\">\n\t    \n\t\n\n<li >\n\t<a href='?page_no=14879'>Previous<\/a>\n\t<\/li>\n\n\n       \n    \n\n<li><a href='?page_no=1'>1<\/a><\/li>\n\n\n\n<li><a href='?page_no=2'>2<\/a><\/li>\n\n\n\n<li><a>...<\/a><\/li>\n\n\n\n<li><a href='?page_no=14878'>14878<\/a><\/li>\n\n\n\n<li><a href='?page_no=14879'>14879<\/a><\/li>\n\n\n\n<li class='active'><a>14880<\/a><\/li>\n\n\n\n<li><a href='?page_no=14881'>14881<\/a><\/li>\n\n\n\n<li><a href='?page_no=14882'>14882<\/a><\/li>\n\n\n\n<li><a>...<\/a><\/li>\n\n\n\n<li><a href='?page_no=36999'>36999<\/a><\/li>\n\n\n\n<li><a href='?page_no=37000'>37000<\/a><\/li>\n\n    \n\t\n\n<li >\n\t<a href='?page_no=14881'>Next<\/a>\n\t<\/li>\n\n\n    \n\n<li><a href='?page_no=37000'>Last &rsaquo;&rsaquo;<\/a><\/li>\n\n<\/ul>\n\n\n--><br \/>\n<\/body><\/p>\n","protected":false},"excerpt":{"rendered":"<p>Santo Domingo, RD, 7 de agosto.- El Partido de la Liberaci\u00f3n Dominicana inform\u00f3 que este S\u00e1bado desde la 8:30 am, contin\u00faa el seminario \u00abHacia una Nueva Visi\u00f3n de la Formaci\u00f3n Pol\u00edtica\u00bb, en el Club de los Legisladores, en Santo Domingo Este. El evento acoger\u00e1 a las compa\u00f1eras de Santo Domingo Este, Boca Chica y Guerra. [&hellip;]<\/p>\n","protected":false},"author":3,"featured_media":0,"comment_status":"open","ping_status":"open","sticky":false,"template":"","format":"standard","meta":{"footnotes":""},"categories":[22],"tags":[],"class_list":["post-162478","post","type-post","status-publish","format-standard","hentry","category-politica"],"_links":{"self":[{"href":"https:\/\/diariodominicano.com\/index.php?rest_route=\/wp\/v2\/posts\/162478","targetHints":{"allow":["GET"]}}],"collection":[{"href":"https:\/\/diariodominicano.com\/index.php?rest_route=\/wp\/v2\/posts"}],"about":[{"href":"https:\/\/diariodominicano.com\/index.php?rest_route=\/wp\/v2\/types\/post"}],"author":[{"embeddable":true,"href":"https:\/\/diariodominicano.com\/index.php?rest_route=\/wp\/v2\/users\/3"}],"replies":[{"embeddable":true,"href":"https:\/\/diariodominicano.com\/index.php?rest_route=%2Fwp%2Fv2%2Fcomments&post=162478"}],"version-history":[{"count":0,"href":"https:\/\/diariodominicano.com\/index.php?rest_route=\/wp\/v2\/posts\/162478\/revisions"}],"wp:attachment":[{"href":"https:\/\/diariodominicano.com\/index.php?rest_route=%2Fwp%2Fv2%2Fmedia&parent=162478"}],"wp:term":[{"taxonomy":"category","embeddable":true,"href":"https:\/\/diariodominicano.com\/index.php?rest_route=%2Fwp%2Fv2%2Fcategories&post=162478"},{"taxonomy":"post_tag","embeddable":true,"href":"https:\/\/diariodominicano.com\/index.php?rest_route=%2Fwp%2Fv2%2Ftags&post=162478"}],"curies":[{"name":"wp","href":"https:\/\/api.w.org\/{rel}","templated":true}]}}