{"id":162476,"date":"2014-08-07T19:35:03","date_gmt":"2014-08-07T19:35:03","guid":{"rendered":"http:\/\/diariodominicano.ddns.net\/?p=162476"},"modified":"2014-08-07T19:35:03","modified_gmt":"2014-08-07T19:35:03","slug":"tribunal-superior-electoral-ratifica-presidencia-de-pena-guana-en-el-bis","status":"publish","type":"post","link":"https:\/\/diariodominicano.com\/?p=162476","title":{"rendered":"Tribunal Superior Electoral ratifica presidencia de Pe\u00f1a Gua\u00f1a en el BIS"},"content":{"rendered":"<p><body><\/p>\n<p><img decoding=\"async\" src=\"img3\/showimage.jpg\" \/>  <\/p>\n<p><span class=\"text1noticias\">Santo Domingo, R. D., 7 de agosto.- El Tribunal Superior Electoral, (TSE) ratific\u00f3 la presidencia del Bloque  Institucional a su presidente Jos\u00e9 Francisco Pe\u00f1a Guaba, y a todos los miembros de su Comit\u00e9 Ejecutivo Nacional, de acuerdo a la sentencia No. TSE 045-2014.<\/span><\/p>\n<p><span class=\"text1noticias\"> <\/span><\/p>\n<p><span class=\"text1noticias\">El director de la secretar\u00eda de Comunicaciones del BIS, Hatuey S\u00e1nchez dijo que la sentencia del TSE anula las asambleas y otros procesos realizados por grupos sin calidad estatutaria, y cuyo \u00fanico objetivo era buscar notoriedad p\u00fablica, confundir y distorsionar la realidad de los hechos especialmente a los miembros, simpatizantes y amigos del Bloque Institucional.<\/span><\/p>\n<p><span class=\"text1noticias\"> <\/span><\/p>\n<p><span class=\"text1noticias\">Se recuerda que el presidente del BIS, nunca ha sido expulsado y menos puesto en duda su liderazgo de esta organizaci\u00f3n pol\u00edtica creada por el l\u00edder Jos\u00e9 Francisco Pe\u00f1a G\u00f3mez.<\/span><\/p>\n<p><span class=\"text1noticias\"> <\/span><\/p>\n<p><span class=\"text1noticias\">El BIS valora como positiva y extraordinaria la decisi\u00f3n del m\u00e1ximo tribunal por entender que crea un precedente hist\u00f3ricos para otras organizaciones pol\u00edticas, de que dirigentes, que  un momento determinado pierden en sentido de la prudencia y disciplina, sin tener liderazgo a lo interno de la estructura organizacional, ni calidad legal, traten en el futuro de socavar inter\u00e9s extra\u00f1os y ajenos a los colectivos, desconociendo las leg\u00edtimas autoridades partidaria.<\/span><\/p>\n<p><span class=\"text1noticias\"> <\/span><\/p>\n<p><span class=\"text1noticias\">Hatuey S\u00e1nchez, indic\u00f3 que con la falsa asamblea coordinada por los se\u00f1ores Jos\u00e9 Francisco Lugo Cabral y Jos\u00e9 Miguel Guzm\u00e1n, el tribunal dej\u00f3 claramente establecido, que ning\u00fan miembro o dirigente no tiene calidad para convocar una asamblea o convenci\u00f3n sin el debido aval establecido en los estatutos, expres\u00f3 S\u00e1nchez.<\/span><\/p>\n<p><span class=\"text1noticias\"> <\/span><\/p>\n<p><span class=\"text1noticias\">Una nota enviada por el BIS indica que la Comisi\u00f3n Jur\u00eddica de la organizaci\u00f3n estudia la posibilidad de someter a la justicia por violaci\u00f3n del art\u00edculo 428 del C\u00f3digo Penal  sobre usurpaci\u00f3n de funciones a los se\u00f1ores Lugo Cabral y Guzm\u00e1n.<\/span><\/p>\n<p><span class=\"text1noticias\"> <\/span><\/p>\n<p><span class=\"text1noticias\">De acuerdo a la referida sentencia, emitida el pasado d\u00eda 6 de agosto, en su art\u00edculo segundo, se\u00f1ala que \u00abdeclara la nulidad radical y absoluta de la cita asamblea o convenci\u00f3n, con todas sus consecuencias legales\u00bb.<\/span><\/p>\n<p><span class=\"text1noticias\"> <\/span><\/p>\n<p><span class=\"text1noticias\">En su art\u00edculo tercero, \u00abdeclara nulas todas la actuaciones posteriores y que son consecuencia de la referida convenci\u00f3n o asamblea, con todas sus implicaciones legales\u00bb, dejando bien claro y establecido los pasos a seguir en lo adelante por la organizaci\u00f3n pol\u00edtica.<\/span><\/p>\n<p><span class=\"text1noticias\"> <\/span><\/p>\n<p><span class=\"text1noticias\">Se recuerda que el 1ro. de abril del presente a\u00f1o, Lugo Cabral y Guzm\u00e1n, reunieron un grupo de ciudadanos simulando una Asamblea del Bloque Institucional Social Dem\u00f3crata (BIS) en un hotel de la capital a los que llamaron XIV Convenci\u00f3n Nacional Extraordinaria, donde trataron de confundir a la opini\u00f3n p\u00fablica, y sobre todo a los miembros, simpatizantes y amigos, de que hab\u00eda expulsado a su leg\u00edtimo presidente Jos\u00e9 Francisco Pe\u00f1a Guaba.<\/span><\/p>\n<p><span class=\"text1noticias\"> <\/span><\/p>\n<p><span class=\"text1noticias\">Sin embargo, el Tribunal Superior Electoral, acogi\u00f3 la petici\u00f3n hecha por la comisi\u00f3n jur\u00eddica del BIS, quien declar\u00f3 nula radical y absoluta dicha convenci\u00f3n y reconociendo la legalidad y legitimidad de las autoridades de ese<\/span> partido.<\/p>\n<h6> 2014-08-07 19:35:03 <\/h6>\n<p><!--\n<link rel=\"stylesheet\" href=\"css\/bootstrap.min.css\">\n\n\n<ul class=\"pagination\">\n\t    \n\t\n\n<li >\n\t<a href='?page_no=14878'>Previous<\/a>\n\t<\/li>\n\n\n       \n    \n\n<li><a href='?page_no=1'>1<\/a><\/li>\n\n\n\n<li><a href='?page_no=2'>2<\/a><\/li>\n\n\n\n<li><a>...<\/a><\/li>\n\n\n\n<li><a href='?page_no=14877'>14877<\/a><\/li>\n\n\n\n<li><a href='?page_no=14878'>14878<\/a><\/li>\n\n\n\n<li class='active'><a>14879<\/a><\/li>\n\n\n\n<li><a href='?page_no=14880'>14880<\/a><\/li>\n\n\n\n<li><a href='?page_no=14881'>14881<\/a><\/li>\n\n\n\n<li><a>...<\/a><\/li>\n\n\n\n<li><a href='?page_no=36999'>36999<\/a><\/li>\n\n\n\n<li><a href='?page_no=37000'>37000<\/a><\/li>\n\n    \n\t\n\n<li >\n\t<a href='?page_no=14880'>Next<\/a>\n\t<\/li>\n\n\n    \n\n<li><a href='?page_no=37000'>Last &rsaquo;&rsaquo;<\/a><\/li>\n\n<\/ul>\n\n\n--><br \/>\n<\/body><\/p>\n","protected":false},"excerpt":{"rendered":"<p>Santo Domingo, R. D., 7 de agosto.- El Tribunal Superior Electoral, (TSE) ratific\u00f3 la presidencia del Bloque Institucional a su presidente Jos\u00e9 Francisco Pe\u00f1a Guaba, y a todos los miembros de su Comit\u00e9 Ejecutivo Nacional, de acuerdo a la sentencia No. TSE 045-2014. El director de la secretar\u00eda de Comunicaciones del BIS, Hatuey S\u00e1nchez dijo [&hellip;]<\/p>\n","protected":false},"author":3,"featured_media":0,"comment_status":"open","ping_status":"open","sticky":false,"template":"","format":"standard","meta":{"footnotes":""},"categories":[22],"tags":[],"class_list":["post-162476","post","type-post","status-publish","format-standard","hentry","category-politica"],"_links":{"self":[{"href":"https:\/\/diariodominicano.com\/index.php?rest_route=\/wp\/v2\/posts\/162476","targetHints":{"allow":["GET"]}}],"collection":[{"href":"https:\/\/diariodominicano.com\/index.php?rest_route=\/wp\/v2\/posts"}],"about":[{"href":"https:\/\/diariodominicano.com\/index.php?rest_route=\/wp\/v2\/types\/post"}],"author":[{"embeddable":true,"href":"https:\/\/diariodominicano.com\/index.php?rest_route=\/wp\/v2\/users\/3"}],"replies":[{"embeddable":true,"href":"https:\/\/diariodominicano.com\/index.php?rest_route=%2Fwp%2Fv2%2Fcomments&post=162476"}],"version-history":[{"count":0,"href":"https:\/\/diariodominicano.com\/index.php?rest_route=\/wp\/v2\/posts\/162476\/revisions"}],"wp:attachment":[{"href":"https:\/\/diariodominicano.com\/index.php?rest_route=%2Fwp%2Fv2%2Fmedia&parent=162476"}],"wp:term":[{"taxonomy":"category","embeddable":true,"href":"https:\/\/diariodominicano.com\/index.php?rest_route=%2Fwp%2Fv2%2Fcategories&post=162476"},{"taxonomy":"post_tag","embeddable":true,"href":"https:\/\/diariodominicano.com\/index.php?rest_route=%2Fwp%2Fv2%2Ftags&post=162476"}],"curies":[{"name":"wp","href":"https:\/\/api.w.org\/{rel}","templated":true}]}}