{"id":162475,"date":"2014-08-07T22:19:33","date_gmt":"2014-08-07T22:19:33","guid":{"rendered":"http:\/\/diariodominicano.ddns.net\/?p=162475"},"modified":"2014-08-07T22:19:33","modified_gmt":"2014-08-07T22:19:33","slug":"antonio-marte-asegura-movimiento-primero-la-gente-se-convertira-en-la-segunda-fuerza-politica-del-pais","status":"publish","type":"post","link":"https:\/\/diariodominicano.com\/?p=162475","title":{"rendered":"Antonio Marte asegura \u00abMovimiento Primero la Gente\u00bb se convertir\u00e1 en la segunda fuerza pol\u00edtica del pa\u00eds"},"content":{"rendered":"<p><body><\/p>\n<p><img decoding=\"async\" src=\"img3\/Antonio.jpg\" \/>  <\/p>\n<p><span class=\"text1noticias\">Santo Domingo, RD, 7 de Agosto.-El presidente del Movimiento Primero la Gente, Antonio Marte asegur\u00f3 que esa organizaci\u00f3n pasar\u00e1 a ser la segunda fuerza pol\u00edtica de la Rep\u00fablica Dominicana inmediatamente obtenga el reconocimiento de la Junta Central Electoral (JCE).<\/span><\/p>\n<\/p>\n<p><span class=\"text1noticias\">Antonio Marte revel\u00f3 que el Movimiento Primero la Gente presentar\u00e1 dentro de dos meses a la JCE un padr\u00f3n con m\u00e1s de un mill\u00f3n de militantes.<\/span><\/p>\n<\/p>\n<p><span class=\"text1noticias\">\u00abNosotros estamos formalizando los comit\u00e9s en este momento y en la \u00faltima reuni\u00f3n cont\u00e1bamos con m\u00e1s de 700 mil miembros\u00bb, expres\u00f3 Marte.<\/span><\/p>\n<\/p>\n<p><span class=\"text1noticias\">Al ser entrevistado por el periodista Salvador Holgu\u00edn en el programa \u00abSin Cortapisa \u00abque se transmite por Teleradio Am\u00e9rica, canal 45, el dirigente pol\u00edtico afirm\u00f3 que es  la primera vez en la historia que un partido surgido va directamente con candidaturas propias.<\/span><\/p>\n<\/p>\n<p><span class=\"text1noticias\">\u00abMi pleito yo te lo asegur\u00f3 con el  puesto uno y con el dos si no es as\u00ed firm\u00f3 una declaraci\u00f3n jurada, un acto que si yo no voy ah\u00ed o si no compito ah\u00ed firmo una declaraci\u00f3n que diga que me quiten el reconocimiento de partido\u00bb dijo Antonio Marte.<\/span><\/p>\n<p><span class=\"text1noticias\"><strong>Acerca del reconocimiento en la JCE<\/strong><\/span><\/p>\n<\/p>\n<p><span class=\"text1noticias\">El presidente del movimiento Primero la Gente manifest\u00f3 que est\u00e1 a la espera de que la Junta Central Electoral les otorgue el reconocimiento para as\u00ed presentar sus alianzas de manera formal con otros partidos.<\/span><\/p>\n<\/p>\n<p><span class=\"text1noticias\">Antonio Marte detall\u00f3 que el 30 de enero entreg\u00f3 todos los papeles correspondientes a la Junta Central Electoral (JCE), pero hasta el momento a pesar de cumplir con todos los requisitos no han recibido el reconocimiento como partido pol\u00edtico.<\/span><\/p>\n<\/p>\n<p><span class=\"text1noticias\">\u00abNo creo que la Junta este en contra del partido Primero la Gente porque la JCE est\u00e1 compuesta por hombres y mujeres serios y d\u00e9jame decirte una cosa yo conf\u00edo en Roberto y en lo magistrados que est\u00e1n ah\u00ed ciegamente\u00bb, manifest\u00f3 el dirigente pol\u00edtico.<\/span><\/p>\n<p><span class=\"text1noticias\"><strong>Sobre su salida del PRD<\/strong><\/span><\/p>\n<\/p>\n<p><span class=\"text1noticias\">Antonio Marte expres\u00f3 que en el Partido Revolucionario Dominicano (PRD) todo cambio tras la llegada de Miguel Vargas y que a \u00e9l no le sorprendi\u00f3 la traici\u00f3n de Vargas Maldonado.<\/span><\/p>\n<\/p>\n<p><span class=\"text1noticias\">\u00a8Miguel nunca quiso hacer algo por el partido para que el partido se pudiera mantener\u00a8 puntualiz\u00f3 el presidente del Movimiento Primero la Gente.(HG)<\/span>.<\/p>\n<h6> 2014-08-07 22:19:33 <\/h6>\n<p><!--\n<link rel=\"stylesheet\" href=\"css\/bootstrap.min.css\">\n\n\n<ul class=\"pagination\">\n\t    \n\t\n\n<li >\n\t<a href='?page_no=14877'>Previous<\/a>\n\t<\/li>\n\n\n       \n    \n\n<li><a href='?page_no=1'>1<\/a><\/li>\n\n\n\n<li><a href='?page_no=2'>2<\/a><\/li>\n\n\n\n<li><a>...<\/a><\/li>\n\n\n\n<li><a href='?page_no=14876'>14876<\/a><\/li>\n\n\n\n<li><a href='?page_no=14877'>14877<\/a><\/li>\n\n\n\n<li class='active'><a>14878<\/a><\/li>\n\n\n\n<li><a href='?page_no=14879'>14879<\/a><\/li>\n\n\n\n<li><a href='?page_no=14880'>14880<\/a><\/li>\n\n\n\n<li><a>...<\/a><\/li>\n\n\n\n<li><a href='?page_no=36999'>36999<\/a><\/li>\n\n\n\n<li><a href='?page_no=37000'>37000<\/a><\/li>\n\n    \n\t\n\n<li >\n\t<a href='?page_no=14879'>Next<\/a>\n\t<\/li>\n\n\n    \n\n<li><a href='?page_no=37000'>Last &rsaquo;&rsaquo;<\/a><\/li>\n\n<\/ul>\n\n\n--><br \/>\n<\/body><\/p>\n","protected":false},"excerpt":{"rendered":"<p>Santo Domingo, RD, 7 de Agosto.-El presidente del Movimiento Primero la Gente, Antonio Marte asegur\u00f3 que esa organizaci\u00f3n pasar\u00e1 a ser la segunda fuerza pol\u00edtica de la Rep\u00fablica Dominicana inmediatamente obtenga el reconocimiento de la Junta Central Electoral (JCE). Antonio Marte revel\u00f3 que el Movimiento Primero la Gente presentar\u00e1 dentro de dos meses a la [&hellip;]<\/p>\n","protected":false},"author":3,"featured_media":0,"comment_status":"open","ping_status":"open","sticky":false,"template":"","format":"standard","meta":{"footnotes":""},"categories":[22],"tags":[],"class_list":["post-162475","post","type-post","status-publish","format-standard","hentry","category-politica"],"_links":{"self":[{"href":"https:\/\/diariodominicano.com\/index.php?rest_route=\/wp\/v2\/posts\/162475","targetHints":{"allow":["GET"]}}],"collection":[{"href":"https:\/\/diariodominicano.com\/index.php?rest_route=\/wp\/v2\/posts"}],"about":[{"href":"https:\/\/diariodominicano.com\/index.php?rest_route=\/wp\/v2\/types\/post"}],"author":[{"embeddable":true,"href":"https:\/\/diariodominicano.com\/index.php?rest_route=\/wp\/v2\/users\/3"}],"replies":[{"embeddable":true,"href":"https:\/\/diariodominicano.com\/index.php?rest_route=%2Fwp%2Fv2%2Fcomments&post=162475"}],"version-history":[{"count":0,"href":"https:\/\/diariodominicano.com\/index.php?rest_route=\/wp\/v2\/posts\/162475\/revisions"}],"wp:attachment":[{"href":"https:\/\/diariodominicano.com\/index.php?rest_route=%2Fwp%2Fv2%2Fmedia&parent=162475"}],"wp:term":[{"taxonomy":"category","embeddable":true,"href":"https:\/\/diariodominicano.com\/index.php?rest_route=%2Fwp%2Fv2%2Fcategories&post=162475"},{"taxonomy":"post_tag","embeddable":true,"href":"https:\/\/diariodominicano.com\/index.php?rest_route=%2Fwp%2Fv2%2Ftags&post=162475"}],"curies":[{"name":"wp","href":"https:\/\/api.w.org\/{rel}","templated":true}]}}