{"id":162474,"date":"2014-08-08T05:51:22","date_gmt":"2014-08-08T05:51:22","guid":{"rendered":"http:\/\/diariodominicano.ddns.net\/?p=162474"},"modified":"2014-08-08T05:51:22","modified_gmt":"2014-08-08T05:51:22","slug":"leonel-fernandez-dice-america-latina-debe-integrarse-para-hacerle-frente-a-sus-desafios-de-cara-al-futuro","status":"publish","type":"post","link":"https:\/\/diariodominicano.com\/?p=162474","title":{"rendered":"Leonel Fern\u00e1ndez dice Am\u00e9rica Latina debe integrarse para hacerle frente a sus desaf\u00edos de cara al futuro"},"content":{"rendered":"<p><body><\/p>\n<p><img decoding=\"async\" src=\"img3\/leo0004.jpg\" \/><br \/><img decoding=\"async\" src=\"img3\/leo001.jpg\" \/><br \/><img decoding=\"async\" src=\"img3\/leo00055.jpg\" \/>  <\/p>\n<p><span class=\"text1noticias\">SANRO DOMINGO, RD, 7 de Agosto de 2014.-El ex presidente de la Rep\u00fablica y presidente de la Fundaci\u00f3n Global Democracia y Desarrollo (Funglode), doctor Leonel Fern\u00e1ndez afirm\u00f3 este jueves que el futuro de Am\u00e9rica latina en materia de desarrollo econ\u00f3mico, social, pol\u00edtico y cultural depender\u00e1 de su capacidad de integraci\u00f3n para hacerle frente a sus desaf\u00edos comunes.<\/span><\/p>\n<\/p>\n<p><span class=\"text1noticias\">Fern\u00e1ndez hizo el planteamiento al dictar una conferencia magistral con el t\u00edtulo \u00abSituaci\u00f3n y perspectiva de la democracia en Am\u00e9rica Latina, evento que fue auspiciado por la Universidad Interamericana (UNICA) y el Parlamento Centroamericano (PARLACEN).<\/span><\/p>\n<\/p>\n<p><span class=\"text1noticias\">\u00abAm\u00e9rica Latina tiene una historia com\u00fan de grandes luchas y esfuerzos para conquistar la libertad y la justicia social. Su futuro depender\u00e1 de nuestra capacidad para actuar unidos tomados de la mano en una sola voz ante los desaf\u00edos de un mundo en continuo cambio\u00bb.<\/span><\/p>\n<\/p>\n<p><span class=\"text1noticias\">El ex jefe de Estado dijo que los puntos clave para que la regi\u00f3n pueda dar el salto definitivo hacia el desarrollo son la integraci\u00f3n, la solidaridad y la cooperaci\u00f3n en todos los \u00f3rdenes.<\/span><\/p>\n<\/p>\n<p><span class=\"text1noticias\">Fern\u00e1ndez insisti\u00f3 en que ninguno de los pa\u00edses de la regi\u00f3n podr\u00e1 hacerle frente por s\u00ed solo a los desaf\u00edos del siglo 21, por lo que se requiere de un esfuerzo colectivo a trav\u00e9s de los mecanismos de integraci\u00f3n de que dispone Latinoam\u00e9rica y el Caribe.<\/span><\/p>\n<\/p>\n<p><span class=\"text1noticias\">En su conferencia, Fern\u00e1ndez tambi\u00e9n se refiri\u00f3 a los dos modelos econ\u00f3micos que se disputan el espectro econ\u00f3mico tras el final de la guerra fr\u00eda.<\/span><\/p>\n<\/p>\n<p><span class=\"text1noticias\">A ese respecto, sostuvo que lo ideal es que se produzca una combinaci\u00f3n entre el Estado y el mercado para hacer frente con \u00e9xito a los problemas que afectan a los pa\u00edses de la regi\u00f3n.<\/span><\/p>\n<\/p>\n<p><span class=\"text1noticias\">\u00abEs as\u00ed como lo entendemos desde el Partido de la Liberaci\u00f3n Dominicana\u00bb, proclam\u00f3 Fern\u00e1ndez, quien se mostr\u00f3 convencido de que solo a trav\u00e9s de un esfuerzo conjunto entre el Estado y el sector privado se puede lograr el desarrollo.<\/span><\/p>\n<\/p>\n<p><span class=\"text1noticias\">La conferencia se efectu\u00f3 en el auditorio Juan Bosch de la Biblioteca Nacional Pedro Henr\u00edquez Ure\u00f1a de la Plaza de la Cultura.<\/span><\/p>\n<\/p>\n<p><span class=\"text1noticias\">Al t\u00e9rmino de la conferencia, la direcci\u00f3n de la Universidad Interamericana le entreg\u00f3 al ex presidente Fern\u00e1ndez un diploma que lo acredita como Profesor Merit\u00edsimo de la instituci\u00f3n acad\u00e9mica, en reconocimiento a su labor docente en esa casa de altos estudios.<\/span><\/p>\n<\/p>\n<p><span class=\"text1noticias\">A la conferencia asisti\u00f3 la vicepresidenta de la Rep\u00fablica, doctora Margarita Cede\u00f1o de Fern\u00e1ndez. De igual manera, participaron representantes del cuerpo diplom\u00e1tico acreditado en el pa\u00eds, miembros del PARLACEN, legisladores, rectores universitarios, catedr\u00e1ticos, personalidades del \u00e1mbito empresarial, dirigentes pol\u00edticos y comunitarios y funcionarios gubernamentales.<\/span><\/p>\n<\/p>\n<\/p>\n<h6> 2014-08-08 05:51:22 <\/h6>\n<p><!--\n<link rel=\"stylesheet\" href=\"css\/bootstrap.min.css\">\n\n\n<ul class=\"pagination\">\n\t    \n\t\n\n<li >\n\t<a href='?page_no=14876'>Previous<\/a>\n\t<\/li>\n\n\n       \n    \n\n<li><a href='?page_no=1'>1<\/a><\/li>\n\n\n\n<li><a href='?page_no=2'>2<\/a><\/li>\n\n\n\n<li><a>...<\/a><\/li>\n\n\n\n<li><a href='?page_no=14875'>14875<\/a><\/li>\n\n\n\n<li><a href='?page_no=14876'>14876<\/a><\/li>\n\n\n\n<li class='active'><a>14877<\/a><\/li>\n\n\n\n<li><a href='?page_no=14878'>14878<\/a><\/li>\n\n\n\n<li><a href='?page_no=14879'>14879<\/a><\/li>\n\n\n\n<li><a>...<\/a><\/li>\n\n\n\n<li><a href='?page_no=36999'>36999<\/a><\/li>\n\n\n\n<li><a href='?page_no=37000'>37000<\/a><\/li>\n\n    \n\t\n\n<li >\n\t<a href='?page_no=14878'>Next<\/a>\n\t<\/li>\n\n\n    \n\n<li><a href='?page_no=37000'>Last &rsaquo;&rsaquo;<\/a><\/li>\n\n<\/ul>\n\n\n--><br \/>\n<\/body><\/p>\n","protected":false},"excerpt":{"rendered":"<p>SANRO DOMINGO, RD, 7 de Agosto de 2014.-El ex presidente de la Rep\u00fablica y presidente de la Fundaci\u00f3n Global Democracia y Desarrollo (Funglode), doctor Leonel Fern\u00e1ndez afirm\u00f3 este jueves que el futuro de Am\u00e9rica latina en materia de desarrollo econ\u00f3mico, social, pol\u00edtico y cultural depender\u00e1 de su capacidad de integraci\u00f3n para hacerle frente a sus [&hellip;]<\/p>\n","protected":false},"author":3,"featured_media":0,"comment_status":"open","ping_status":"open","sticky":false,"template":"","format":"standard","meta":{"footnotes":""},"categories":[22],"tags":[],"class_list":["post-162474","post","type-post","status-publish","format-standard","hentry","category-politica"],"_links":{"self":[{"href":"https:\/\/diariodominicano.com\/index.php?rest_route=\/wp\/v2\/posts\/162474","targetHints":{"allow":["GET"]}}],"collection":[{"href":"https:\/\/diariodominicano.com\/index.php?rest_route=\/wp\/v2\/posts"}],"about":[{"href":"https:\/\/diariodominicano.com\/index.php?rest_route=\/wp\/v2\/types\/post"}],"author":[{"embeddable":true,"href":"https:\/\/diariodominicano.com\/index.php?rest_route=\/wp\/v2\/users\/3"}],"replies":[{"embeddable":true,"href":"https:\/\/diariodominicano.com\/index.php?rest_route=%2Fwp%2Fv2%2Fcomments&post=162474"}],"version-history":[{"count":0,"href":"https:\/\/diariodominicano.com\/index.php?rest_route=\/wp\/v2\/posts\/162474\/revisions"}],"wp:attachment":[{"href":"https:\/\/diariodominicano.com\/index.php?rest_route=%2Fwp%2Fv2%2Fmedia&parent=162474"}],"wp:term":[{"taxonomy":"category","embeddable":true,"href":"https:\/\/diariodominicano.com\/index.php?rest_route=%2Fwp%2Fv2%2Fcategories&post=162474"},{"taxonomy":"post_tag","embeddable":true,"href":"https:\/\/diariodominicano.com\/index.php?rest_route=%2Fwp%2Fv2%2Ftags&post=162474"}],"curies":[{"name":"wp","href":"https:\/\/api.w.org\/{rel}","templated":true}]}}