{"id":162473,"date":"2014-08-08T15:57:24","date_gmt":"2014-08-08T15:57:24","guid":{"rendered":"http:\/\/diariodominicano.ddns.net\/?p=162473"},"modified":"2014-08-08T15:57:24","modified_gmt":"2014-08-08T15:57:24","slug":"ito-bisono-afirma-trabaja-sin-descanso-para-fortalecer-el-prsc-y-prepararlo-para-proxima-contienda-electoral","status":"publish","type":"post","link":"https:\/\/diariodominicano.com\/?p=162473","title":{"rendered":"Ito Bison\u00f3 afirma trabaja sin descanso para fortalecer el PRSC y prepararlo para pr\u00f3xima contienda electoral"},"content":{"rendered":"<p><body><\/p>\n<p><img decoding=\"async\" src=\"img3\/ito 8.jpg\" \/>  <\/p>\n<p>Santo Domingo RD 8 agosto.- El diputado y  aspirante a la nominaci\u00f3n presidencial del Partido Reformista Social Cristiano (PRSC) Ito Bison\u00f3, afirm\u00f3 que trabaja sin descanso para fortalecer al reformismo y prepararse con el objetivo de llevar candidaturas propias en las pr\u00f3ximas elecciones presidenciales, congresuales y municipales del 2016.<\/p>\n<\/p>\n<p>\u00abUn ej\u00e9rcito de hombres y mujeres de nuestra organizaci\u00f3n pol\u00edtica en todo el territorio nacional, est\u00e1n integrados a los trabajos de organizaci\u00f3n y reestructuraci\u00f3n. Estamos decididos a continuar el camino para conquistar el sitial que el PRSC merece y que el pueblo reclama, un pueblo cansado de la injusticia, de una situaci\u00f3n econ\u00f3mica fr\u00e1gil y de una inseguridad creciente\u00bb, dijo Bison\u00f3.<\/p>\n<\/p>\n<p>El legislador reformista explic\u00f3 que su partido presentar\u00e1 candidaturas de hombres y mujeres que representan los diferentes sectores del pa\u00eds para trabajar por el rescate de los valores patrios y familiares, \u00abpara derrotar el desempleo, mejorar la salud y hacer realidad el anhelado \u00absue\u00f1o dominicano\u00bb, dijo.<\/p>\n<\/p>\n<p>El tambi\u00e9n coordinador de los trabajos de organizaci\u00f3n del PRSC en el Distrito Nacional, habl\u00f3 en estos t\u00e9rminos al juramentar a cientos de personas que se integraron a los directorios de base de la circunscripci\u00f3n # 2 del sector de los R\u00edos de la capital.<\/p>\n<\/p>\n<p>El actividad hablaron en nombre de los juramentados los hermanos Edwin Y Joel Acevedo quienes expresaron se sienten motivados a trabajar por el PRSC.<\/p>\n<\/p>\n<p>Bison\u00f3 estuvo acompa\u00f1ado por los miembros de la comisi\u00f3n que \u00e9l coordina, entre ellos, Mart\u00edn V\u00e1zquez, Julio C\u00e9sar Mart\u00ednez, Homero Gonz\u00e1lez, el ex diputado H\u00e9ctor Marte,  el regidor Ram\u00f3n Pe\u00f1a (PERELLO), de la comisi\u00f3n Ejecutiva  F\u00e9lix Perdomo, Rafael Fr\u00edas y Mercedes Bobadilla ambos ex regidores entre otros dirigentes.<\/p>\n<\/p>\n<h6> 2014-08-08 15:57:24 <\/h6>\n<p><!--\n<link rel=\"stylesheet\" href=\"css\/bootstrap.min.css\">\n\n\n<ul class=\"pagination\">\n\t    \n\t\n\n<li >\n\t<a href='?page_no=14875'>Previous<\/a>\n\t<\/li>\n\n\n       \n    \n\n<li><a href='?page_no=1'>1<\/a><\/li>\n\n\n\n<li><a href='?page_no=2'>2<\/a><\/li>\n\n\n\n<li><a>...<\/a><\/li>\n\n\n\n<li><a href='?page_no=14874'>14874<\/a><\/li>\n\n\n\n<li><a href='?page_no=14875'>14875<\/a><\/li>\n\n\n\n<li class='active'><a>14876<\/a><\/li>\n\n\n\n<li><a href='?page_no=14877'>14877<\/a><\/li>\n\n\n\n<li><a href='?page_no=14878'>14878<\/a><\/li>\n\n\n\n<li><a>...<\/a><\/li>\n\n\n\n<li><a href='?page_no=36999'>36999<\/a><\/li>\n\n\n\n<li><a href='?page_no=37000'>37000<\/a><\/li>\n\n    \n\t\n\n<li >\n\t<a href='?page_no=14877'>Next<\/a>\n\t<\/li>\n\n\n    \n\n<li><a href='?page_no=37000'>Last &rsaquo;&rsaquo;<\/a><\/li>\n\n<\/ul>\n\n\n--><br \/>\n<\/body><\/p>\n","protected":false},"excerpt":{"rendered":"<p>Santo Domingo RD 8 agosto.- El diputado y aspirante a la nominaci\u00f3n presidencial del Partido Reformista Social Cristiano (PRSC) Ito Bison\u00f3, afirm\u00f3 que trabaja sin descanso para fortalecer al reformismo y prepararse con el objetivo de llevar candidaturas propias en las pr\u00f3ximas elecciones presidenciales, congresuales y municipales del 2016. \u00abUn ej\u00e9rcito de hombres y mujeres [&hellip;]<\/p>\n","protected":false},"author":3,"featured_media":0,"comment_status":"open","ping_status":"open","sticky":false,"template":"","format":"standard","meta":{"footnotes":""},"categories":[22],"tags":[],"class_list":["post-162473","post","type-post","status-publish","format-standard","hentry","category-politica"],"_links":{"self":[{"href":"https:\/\/diariodominicano.com\/index.php?rest_route=\/wp\/v2\/posts\/162473","targetHints":{"allow":["GET"]}}],"collection":[{"href":"https:\/\/diariodominicano.com\/index.php?rest_route=\/wp\/v2\/posts"}],"about":[{"href":"https:\/\/diariodominicano.com\/index.php?rest_route=\/wp\/v2\/types\/post"}],"author":[{"embeddable":true,"href":"https:\/\/diariodominicano.com\/index.php?rest_route=\/wp\/v2\/users\/3"}],"replies":[{"embeddable":true,"href":"https:\/\/diariodominicano.com\/index.php?rest_route=%2Fwp%2Fv2%2Fcomments&post=162473"}],"version-history":[{"count":0,"href":"https:\/\/diariodominicano.com\/index.php?rest_route=\/wp\/v2\/posts\/162473\/revisions"}],"wp:attachment":[{"href":"https:\/\/diariodominicano.com\/index.php?rest_route=%2Fwp%2Fv2%2Fmedia&parent=162473"}],"wp:term":[{"taxonomy":"category","embeddable":true,"href":"https:\/\/diariodominicano.com\/index.php?rest_route=%2Fwp%2Fv2%2Fcategories&post=162473"},{"taxonomy":"post_tag","embeddable":true,"href":"https:\/\/diariodominicano.com\/index.php?rest_route=%2Fwp%2Fv2%2Ftags&post=162473"}],"curies":[{"name":"wp","href":"https:\/\/api.w.org\/{rel}","templated":true}]}}