{"id":162472,"date":"2014-08-08T16:57:09","date_gmt":"2014-08-08T16:57:09","guid":{"rendered":"http:\/\/diariodominicano.ddns.net\/?p=162472"},"modified":"2014-08-08T16:57:09","modified_gmt":"2014-08-08T16:57:09","slug":"luis-abinader-dice-que-rechazo-a-partirdo-revolucionario-mayoritarioprm-es-desesperacion","status":"publish","type":"post","link":"https:\/\/diariodominicano.com\/?p=162472","title":{"rendered":"Luis Abinader dice que rechazo a Partirdo Revolucionario Mayoritario(PRM) es desesperaci\u00f3n"},"content":{"rendered":"<p><body><\/p>\n<p><img decoding=\"async\" src=\"img3\/juramenta 8.jpg\" \/>  <\/p>\n<p>Luis Abinader neg\u00f3 que varios partidos pretendan impugnar la simbolog\u00eda del PRM y que hasta ahora es solamente el PRD.El aspirante a la candidatura presidencial del Partido Revolucionario Mayoritario (PRM), Luis Abinader, declar\u00f3 ayer que son acciones desesperadas del Partido Revolucionario Dominicano (PRD) su advertencia de que objetar\u00e1 el nombre, el logo y los colores que someti\u00f3 la Alianza Social Dominicana (ASD). <\/p>\n<\/p>\n<p>\u00abEsas son acciones desesperadas y lo comprendemos por la situaci\u00f3n que ellos est\u00e1n atravesando. Pero eso no va a llegar a ninguna parte porque estamos cumpliendo con la ley porque no hay ning\u00fan partido con ese nombre, ninguno tiene esos colores ni el s\u00edmbolo\u00bb, dijo.<\/p>\n<\/p>\n<p>El pasado mi\u00e9rcoles la Junta Central Electoral (JCE) envi\u00f3 la solicitud de cambio que hizo la ASD a la comisi\u00f3n de juntas electorales y partidos pol\u00edticos de la que es presidente el miembro titular de la JCE, Eddy Olivares. El PRD ha adelantado que objetar\u00e1 los s\u00edmbolos del PRM porque son los del PRD.<\/p>\n<\/p>\n<p>Apoyo<\/p>\n<\/p>\n<p>El pol\u00edtico habl\u00f3 luego de recibir el apoyo del diputado del PRD por Hato Mayor Crist\u00f3bal Castillo, quien se\u00f1al\u00f3 que su decisi\u00f3n obedece a que su familia fue excluida del padr\u00f3n del PRD. El legislador fue juramentado en el PRM junto a otros dirigentes de esa provincia. \u00abGanamos la lucha pol\u00edtica frente a quienes traicionaron los principios y secuestraron las siglas del PRD, iniciamos el reencuentro con los dirigentes y militantes que intentaron infructuosamente hasta \u00faltimo momento recuperar la decencia y las pr\u00e1cticas democr\u00e1ticas en el viejo partido\u00bb, expres\u00f3 Abinader. Dijo que lo ocurrido en la convenci\u00f3n del PRD es una burla a todos los valores de la democracia. \u00abPero tambi\u00e9n sirvi\u00f3 para que los pocos compa\u00f1eros que a\u00fan afectados por la nostalgia, se decidan a dar el paso hacia el Partido Revolucionario Mayoritario\u00bb, apunt\u00f3.<\/p>\n<\/p>\n<p>&#8211; See more at: http:\/\/www.elcaribe.com.do\/2014\/08\/08\/abinader-dice-que-rechazo-prm-desesperacion#sthash.avzqF1p4.dpuf<\/p>\n<h6> 2014-08-08 16:57:09 <\/h6>\n<p><!--\n<link rel=\"stylesheet\" href=\"css\/bootstrap.min.css\">\n\n\n<ul class=\"pagination\">\n\t    \n\t\n\n<li >\n\t<a href='?page_no=14874'>Previous<\/a>\n\t<\/li>\n\n\n       \n    \n\n<li><a href='?page_no=1'>1<\/a><\/li>\n\n\n\n<li><a href='?page_no=2'>2<\/a><\/li>\n\n\n\n<li><a>...<\/a><\/li>\n\n\n\n<li><a href='?page_no=14873'>14873<\/a><\/li>\n\n\n\n<li><a href='?page_no=14874'>14874<\/a><\/li>\n\n\n\n<li class='active'><a>14875<\/a><\/li>\n\n\n\n<li><a href='?page_no=14876'>14876<\/a><\/li>\n\n\n\n<li><a href='?page_no=14877'>14877<\/a><\/li>\n\n\n\n<li><a>...<\/a><\/li>\n\n\n\n<li><a href='?page_no=36999'>36999<\/a><\/li>\n\n\n\n<li><a href='?page_no=37000'>37000<\/a><\/li>\n\n    \n\t\n\n<li >\n\t<a href='?page_no=14876'>Next<\/a>\n\t<\/li>\n\n\n    \n\n<li><a href='?page_no=37000'>Last &rsaquo;&rsaquo;<\/a><\/li>\n\n<\/ul>\n\n\n--><br \/>\n<\/body><\/p>\n","protected":false},"excerpt":{"rendered":"<p>Luis Abinader neg\u00f3 que varios partidos pretendan impugnar la simbolog\u00eda del PRM y que hasta ahora es solamente el PRD.El aspirante a la candidatura presidencial del Partido Revolucionario Mayoritario (PRM), Luis Abinader, declar\u00f3 ayer que son acciones desesperadas del Partido Revolucionario Dominicano (PRD) su advertencia de que objetar\u00e1 el nombre, el logo y los colores [&hellip;]<\/p>\n","protected":false},"author":3,"featured_media":0,"comment_status":"open","ping_status":"open","sticky":false,"template":"","format":"standard","meta":{"footnotes":""},"categories":[22],"tags":[],"class_list":["post-162472","post","type-post","status-publish","format-standard","hentry","category-politica"],"_links":{"self":[{"href":"https:\/\/diariodominicano.com\/index.php?rest_route=\/wp\/v2\/posts\/162472","targetHints":{"allow":["GET"]}}],"collection":[{"href":"https:\/\/diariodominicano.com\/index.php?rest_route=\/wp\/v2\/posts"}],"about":[{"href":"https:\/\/diariodominicano.com\/index.php?rest_route=\/wp\/v2\/types\/post"}],"author":[{"embeddable":true,"href":"https:\/\/diariodominicano.com\/index.php?rest_route=\/wp\/v2\/users\/3"}],"replies":[{"embeddable":true,"href":"https:\/\/diariodominicano.com\/index.php?rest_route=%2Fwp%2Fv2%2Fcomments&post=162472"}],"version-history":[{"count":0,"href":"https:\/\/diariodominicano.com\/index.php?rest_route=\/wp\/v2\/posts\/162472\/revisions"}],"wp:attachment":[{"href":"https:\/\/diariodominicano.com\/index.php?rest_route=%2Fwp%2Fv2%2Fmedia&parent=162472"}],"wp:term":[{"taxonomy":"category","embeddable":true,"href":"https:\/\/diariodominicano.com\/index.php?rest_route=%2Fwp%2Fv2%2Fcategories&post=162472"},{"taxonomy":"post_tag","embeddable":true,"href":"https:\/\/diariodominicano.com\/index.php?rest_route=%2Fwp%2Fv2%2Ftags&post=162472"}],"curies":[{"name":"wp","href":"https:\/\/api.w.org\/{rel}","templated":true}]}}