{"id":162470,"date":"2014-08-08T17:06:46","date_gmt":"2014-08-08T17:06:46","guid":{"rendered":"http:\/\/diariodominicano.ddns.net\/?p=162470"},"modified":"2014-08-08T17:06:46","modified_gmt":"2014-08-08T17:06:46","slug":"temistocles-montas-y-radhames-segura-restan-importancia-a-aspiraciones-de-leonel","status":"publish","type":"post","link":"https:\/\/diariodominicano.com\/?p=162470","title":{"rendered":"Tem\u00edstocles Mont\u00e1s y Radham\u00e9s Segura restan importancia a aspiraciones de Leonel"},"content":{"rendered":"<p><body><\/p>\n<p><img decoding=\"async\" src=\"img3\/temo 8.jpg\" \/>  <\/p>\n<p>Santo Domingo RD 8 agosto.- Tem\u00edstocles Mont\u00e1s y Radham\u00e9s Segura, ambos precandidatos  presidenciales por el Partido de la Liberaci\u00f3n Dominicana (PLD), restaron importancia ayer al anuncio de que Leonel Fern\u00e1ndez se lanzar\u00e1 al ruedo por la candidatura presidencial en enero o febrero de 2015.<\/p>\n<\/p>\n<p>\u00abLo \u00fanico que yo les puedo decir a ustedes es que esos no son vientos que tumban cocos\u00bb, precis\u00f3 Mont\u00e1s al ser cuestionado, en el Palacio Nacional, sobre c\u00f3mo cambiar\u00eda el escenario pol\u00edtico con la presencia del expresidente Fern\u00e1ndez buscando la nominaci\u00f3n a la Presidencia por el PLD.<\/p>\n<\/p>\n<p>Por su parte, Segura afirma que no le teme a Fern\u00e1ndez, de quien dijo tiene todo el derecho a optar por la nominaci\u00f3n presidencial, pero subray\u00f3 que quien quiera derrotarlo debe enfrentarlo de manera democr\u00e1tica y no tratando de excluirlo. <\/p>\n<\/p>\n<p>\u00abNo le temo al Le\u00f3n, ya que en el zool\u00f3gico estos est\u00e1n siempre enjaulados\u00bb, dijo Segura. <\/p>\n<\/p>\n<p>Expres\u00f3 que es partidario de una pol\u00edtica de inclusi\u00f3n y que el expresidente no tiene impedimento para participar en las elecciones internas del PLD. <\/p>\n<\/p>\n<p>No obstante, sostuvo que el exmandatario le merece mucho respeto y admiraci\u00f3n, y consider\u00f3 que en sus gobiernos \u00abse han hecho importantes aportes al desarrollo del pueblo dominicano\u00bb. <\/p>\n<\/p>\n<p>Segura habl\u00f3 antes de iniciar una Asamblea Nacional de Dirigentes, en un hotel de la capital, con la finalidad de evaluar el alcance de los trabajos que se vienen desarrollando para conformar los n\u00facleos en cada uno de los comit\u00e9s intermedios del partido oficialista. <\/p>\n<\/p>\n<p>Mont\u00e1s, actual ministro de Econom\u00eda, Planificaci\u00f3n y Desarrollo, ha sido un duro cr\u00edtico de las posibles aspiraciones de Fern\u00e1ndez y ha mantenido un discurso en contra del continuismo y a favor de la alternabilidad.<\/p>\n<\/p>\n<p>Al ser entrevistado en un programa de televisi\u00f3n, Mont\u00e1s tambi\u00e9n advirti\u00f3 que su lucha por la candidatura presidencial en el PLD llegar\u00e1 hasta el final, \u00absin importar por d\u00f3nde soplen los vientos\u00bb.<\/p>\n<\/p>\n<p>Dijo que aunque algunas personas entienden que tiene diferencias personales con el expresidente Fern\u00e1ndez, no se trata de eso sino que tienen visiones muy distintas sobre el liderazgo pol\u00edtico.<\/p>\n<\/p>\n<p>\u00abCon el expresidente Fern\u00e1ndez tengo diferencias de car\u00e1cter pol\u00edtico e ideol\u00f3gico, no personales; porque \u00e9l cree en un liderazgo mesi\u00e1nico, providencial, y yo creo en un liderazgo democr\u00e1tico, que conf\u00ede en la alternabilidad y en el fomento de instituciones\u00bb, dijo.<\/p>\n<p><strong> <\/strong><\/p>\n<\/p>\n<h6> 2014-08-08 17:06:46 <\/h6>\n<p><!--\n<link rel=\"stylesheet\" href=\"css\/bootstrap.min.css\">\n\n\n<ul class=\"pagination\">\n\t    \n\t\n\n<li >\n\t<a href='?page_no=14872'>Previous<\/a>\n\t<\/li>\n\n\n       \n    \n\n<li><a href='?page_no=1'>1<\/a><\/li>\n\n\n\n<li><a href='?page_no=2'>2<\/a><\/li>\n\n\n\n<li><a>...<\/a><\/li>\n\n\n\n<li><a href='?page_no=14871'>14871<\/a><\/li>\n\n\n\n<li><a href='?page_no=14872'>14872<\/a><\/li>\n\n\n\n<li class='active'><a>14873<\/a><\/li>\n\n\n\n<li><a href='?page_no=14874'>14874<\/a><\/li>\n\n\n\n<li><a href='?page_no=14875'>14875<\/a><\/li>\n\n\n\n<li><a>...<\/a><\/li>\n\n\n\n<li><a href='?page_no=36999'>36999<\/a><\/li>\n\n\n\n<li><a href='?page_no=37000'>37000<\/a><\/li>\n\n    \n\t\n\n<li >\n\t<a href='?page_no=14874'>Next<\/a>\n\t<\/li>\n\n\n    \n\n<li><a href='?page_no=37000'>Last &rsaquo;&rsaquo;<\/a><\/li>\n\n<\/ul>\n\n\n--><br \/>\n<\/body><\/p>\n","protected":false},"excerpt":{"rendered":"<p>Santo Domingo RD 8 agosto.- Tem\u00edstocles Mont\u00e1s y Radham\u00e9s Segura, ambos precandidatos presidenciales por el Partido de la Liberaci\u00f3n Dominicana (PLD), restaron importancia ayer al anuncio de que Leonel Fern\u00e1ndez se lanzar\u00e1 al ruedo por la candidatura presidencial en enero o febrero de 2015. \u00abLo \u00fanico que yo les puedo decir a ustedes es que [&hellip;]<\/p>\n","protected":false},"author":3,"featured_media":0,"comment_status":"open","ping_status":"open","sticky":false,"template":"","format":"standard","meta":{"footnotes":""},"categories":[22],"tags":[],"class_list":["post-162470","post","type-post","status-publish","format-standard","hentry","category-politica"],"_links":{"self":[{"href":"https:\/\/diariodominicano.com\/index.php?rest_route=\/wp\/v2\/posts\/162470","targetHints":{"allow":["GET"]}}],"collection":[{"href":"https:\/\/diariodominicano.com\/index.php?rest_route=\/wp\/v2\/posts"}],"about":[{"href":"https:\/\/diariodominicano.com\/index.php?rest_route=\/wp\/v2\/types\/post"}],"author":[{"embeddable":true,"href":"https:\/\/diariodominicano.com\/index.php?rest_route=\/wp\/v2\/users\/3"}],"replies":[{"embeddable":true,"href":"https:\/\/diariodominicano.com\/index.php?rest_route=%2Fwp%2Fv2%2Fcomments&post=162470"}],"version-history":[{"count":0,"href":"https:\/\/diariodominicano.com\/index.php?rest_route=\/wp\/v2\/posts\/162470\/revisions"}],"wp:attachment":[{"href":"https:\/\/diariodominicano.com\/index.php?rest_route=%2Fwp%2Fv2%2Fmedia&parent=162470"}],"wp:term":[{"taxonomy":"category","embeddable":true,"href":"https:\/\/diariodominicano.com\/index.php?rest_route=%2Fwp%2Fv2%2Fcategories&post=162470"},{"taxonomy":"post_tag","embeddable":true,"href":"https:\/\/diariodominicano.com\/index.php?rest_route=%2Fwp%2Fv2%2Ftags&post=162470"}],"curies":[{"name":"wp","href":"https:\/\/api.w.org\/{rel}","templated":true}]}}