{"id":162469,"date":"2014-08-08T19:30:39","date_gmt":"2014-08-08T19:30:39","guid":{"rendered":"http:\/\/diariodominicano.ddns.net\/?p=162469"},"modified":"2014-08-08T19:30:39","modified_gmt":"2014-08-08T19:30:39","slug":"secretario-general-del-pld-reitera-cp-instruyo-a-ediles-a-facilitar-gobernabilidad-municipal","status":"publish","type":"post","link":"https:\/\/diariodominicano.com\/?p=162469","title":{"rendered":"&#13;&#13;Secretario General del PLD reitera CP instruy\u00f3 a ediles a facilitar gobernabilidad municipal"},"content":{"rendered":"<p><body><\/p>\n<p><img decoding=\"async\" src=\"img3\/reinaldo.jpg\" \/>  <\/p>\n<\/p>\n<p><span class=\"text1noticias\"> <\/span><\/p>\n<p><span class=\"text1noticias\">Santo Domingo, RD, 8 de agosto.- Reinaldo Pared P\u00e9rez, secretario general del Partido de la Liberaci\u00f3n Dominicana,  reiter\u00f3 que el Comit\u00e9 Pol\u00edtico de la organizaci\u00f3n  en su reuni\u00f3n de inicio de semana instruy\u00f3 a los ediles del PLD a que se respete lo que se ha denominado la regla de oro de la municipalidad.<\/span><\/p>\n<p><span class=\"text1noticias\"> <\/span><\/p>\n<p><span class=\"text1noticias\">Sus declaraciones hacen  referencia a que los regidores pelede\u00edstas votar\u00e1n el pr\u00f3ximo d\u00eda 16,  para presidir las distintas salas capitulares por \u00e9l o la regidora que presente el alcalde o alcaldesa.<\/span><\/p>\n<p><span class=\"text1noticias\"> <\/span><\/p>\n<p><span class=\"text1noticias\">\u00abQuien proponga el alcalde (alcaldesa) ese ser\u00e1\u00bb respondi\u00f3 Pared P\u00e9rez a la inquietud period\u00edstica precisando que se votar\u00e1 indefectiblemente por quien se  proponga sin importar su militancia partidaria: \u00abSi es del PRD, del PRD, si es del PRM, del PRM, si es del PLD, del PLD, si es reformista, del reformista\u00bb aclar\u00f3.<\/span><\/p>\n<p><span class=\"text1noticias\"> <\/span><\/p>\n<p><span class=\"text1noticias\">Deslig\u00f3 en ese orden su Partido de conflicto en la elecci\u00f3n de las salas capitulares.<\/span><\/p>\n<p><span class=\"text1noticias\"> <\/span><\/p>\n<p><span class=\"text1noticias\">En ese orden fue tajante en negar supuesto conflicto a lo interno del PLD entre corrientes de simpat\u00edas alrededor del ex presidente Leonel Fern\u00e1ndez y del Presidente Danilo Medina.<\/span><\/p>\n<p><span class=\"text1noticias\"> <\/span><\/p>\n<p><span class=\"text1noticias\">\u00abEso no existe. Ustedes no vieron como se escogi\u00f3 a unanimidad a Cristina Lizardo y a Francis Vargas en el Senado y como tambi\u00e9n se hizo con Abel Mart\u00ednez y Yomaira Medina\u00bb agreg\u00f3 Pared P\u00e9rez en su respuesta a los medios de comunicaci\u00f3n que le abordaron.<\/span><\/p>\n<p><span class=\"text1noticias\"> <\/span><\/p>\n<p><span class=\"text1noticias\">Por intermedio de la Secretar\u00eda de Asuntos Municipales la direcci\u00f3n del PLD se ha reunido con sus alcaldes, alcaldesas, regidores, directores y vocales de Distritos Municipales instruy\u00e9ndoles para que se respete la regla de oro, facilitando as\u00ed la gobernabilidad municipal.<\/span><\/p>\n<p><span class=\"text1noticias\">   <\/span><\/p>\n<p><span class=\"text1noticias\">En otro orden Reinaldo Pared P\u00e9rez adelant\u00f3 que,  como funcionario electo permanecer\u00e1 en el Senado de la Rep\u00fablica, ahora desde la curul que en el hemiciclo corresponde al Distrito Nacional, plaza que se manera mayoritaria le ha escogido dos veces.<\/span><\/p>\n<p><span class=\"text1noticias\"> <\/span><\/p>\n<p><span class=\"text1noticias\">Precis\u00f3 que desde all\u00ed colaborar\u00e1 en lo que se posible con la gesti\u00f3n de su compa\u00f1era de organismo, Cristina Lizardo, quien a partir del 16 de agosto pr\u00f3ximo ocupar\u00e1 la presidencia de la C\u00e1mara Alta.<\/span><\/p>\n<p><span class=\"text1noticias\"> <\/span><\/p>\n<p><span class=\"text1noticias\">Reiter\u00f3 que tiene un compromiso con los electores de asistir a las sesiones del Senado y participara en las reuniones  de las  comisiones permanentes, precisando que aspira a presidir una de ellas.<\/span><\/p>\n<h6> 2014-08-08 19:30:39 <\/h6>\n<p><!--\n<link rel=\"stylesheet\" href=\"css\/bootstrap.min.css\">\n\n\n<ul class=\"pagination\">\n\t    \n\t\n\n<li >\n\t<a href='?page_no=14871'>Previous<\/a>\n\t<\/li>\n\n\n       \n    \n\n<li><a href='?page_no=1'>1<\/a><\/li>\n\n\n\n<li><a href='?page_no=2'>2<\/a><\/li>\n\n\n\n<li><a>...<\/a><\/li>\n\n\n\n<li><a href='?page_no=14870'>14870<\/a><\/li>\n\n\n\n<li><a href='?page_no=14871'>14871<\/a><\/li>\n\n\n\n<li class='active'><a>14872<\/a><\/li>\n\n\n\n<li><a href='?page_no=14873'>14873<\/a><\/li>\n\n\n\n<li><a href='?page_no=14874'>14874<\/a><\/li>\n\n\n\n<li><a>...<\/a><\/li>\n\n\n\n<li><a href='?page_no=36999'>36999<\/a><\/li>\n\n\n\n<li><a href='?page_no=37000'>37000<\/a><\/li>\n\n    \n\t\n\n<li >\n\t<a href='?page_no=14873'>Next<\/a>\n\t<\/li>\n\n\n    \n\n<li><a href='?page_no=37000'>Last &rsaquo;&rsaquo;<\/a><\/li>\n\n<\/ul>\n\n\n--><br \/>\n<\/body><\/p>\n","protected":false},"excerpt":{"rendered":"<p>Santo Domingo, RD, 8 de agosto.- Reinaldo Pared P\u00e9rez, secretario general del Partido de la Liberaci\u00f3n Dominicana, reiter\u00f3 que el Comit\u00e9 Pol\u00edtico de la organizaci\u00f3n en su reuni\u00f3n de inicio de semana instruy\u00f3 a los ediles del PLD a que se respete lo que se ha denominado la regla de oro de la municipalidad. Sus [&hellip;]<\/p>\n","protected":false},"author":3,"featured_media":0,"comment_status":"open","ping_status":"open","sticky":false,"template":"","format":"standard","meta":{"footnotes":""},"categories":[22],"tags":[],"class_list":["post-162469","post","type-post","status-publish","format-standard","hentry","category-politica"],"_links":{"self":[{"href":"https:\/\/diariodominicano.com\/index.php?rest_route=\/wp\/v2\/posts\/162469","targetHints":{"allow":["GET"]}}],"collection":[{"href":"https:\/\/diariodominicano.com\/index.php?rest_route=\/wp\/v2\/posts"}],"about":[{"href":"https:\/\/diariodominicano.com\/index.php?rest_route=\/wp\/v2\/types\/post"}],"author":[{"embeddable":true,"href":"https:\/\/diariodominicano.com\/index.php?rest_route=\/wp\/v2\/users\/3"}],"replies":[{"embeddable":true,"href":"https:\/\/diariodominicano.com\/index.php?rest_route=%2Fwp%2Fv2%2Fcomments&post=162469"}],"version-history":[{"count":0,"href":"https:\/\/diariodominicano.com\/index.php?rest_route=\/wp\/v2\/posts\/162469\/revisions"}],"wp:attachment":[{"href":"https:\/\/diariodominicano.com\/index.php?rest_route=%2Fwp%2Fv2%2Fmedia&parent=162469"}],"wp:term":[{"taxonomy":"category","embeddable":true,"href":"https:\/\/diariodominicano.com\/index.php?rest_route=%2Fwp%2Fv2%2Fcategories&post=162469"},{"taxonomy":"post_tag","embeddable":true,"href":"https:\/\/diariodominicano.com\/index.php?rest_route=%2Fwp%2Fv2%2Ftags&post=162469"}],"curies":[{"name":"wp","href":"https:\/\/api.w.org\/{rel}","templated":true}]}}